{"id":5355,"date":"2012-12-30T23:06:00","date_gmt":"2012-12-30T23:06:00","guid":{"rendered":"http:\/\/etsa.udc.es\/web\/?p=5355"},"modified":"2013-04-10T09:35:03","modified_gmt":"2013-04-10T09:35:03","slug":"sobre-a-lei-de-servizos-profesionais","status":"publish","type":"post","link":"https:\/\/etsa.udc.es\/web\/?p=5355","title":{"rendered":"Sobre a Lei de Servizos Profesionais"},"content":{"rendered":"<p>Ante a gravidade da situaci\u00f3n que se deriva do borrador da Lei de Servizos Profesionais, \u00e9 necesario abrir un espazo na nosa web para mantervos convenientemente informados.\u00a0O tres de xaneiro o director da escola asistir\u00e1 a unha sesi\u00f3n extraordinaria da Permanente da Conferencia de Directores das Escolas de Arquitectura de Espa\u00f1a.<\/p>\n<p>&#8230;<\/p>\n<p>29.12.2012 <a href=\"http:\/\/etsa.udc.es\/web\/wp-content\/uploads\/2012\/12\/Comunicado-del-CSCAE.-Ley-de-Servicios-Profesionales.pdf\">Consejo Superior de los Arquitectos de Espa\u00f1a.\u00a0Comunicado del presidente<\/a><\/p>\n<p>29.12.2012\u00a0<a href=\"http:\/\/etsa.udc.es\/web\/wp-content\/uploads\/2012\/12\/Escrito-del-CSCAE-al-Ministro-de-Econom\u00eda-y-Competitividad.pdf\">Escrito del CSCAE al Ministro de Econom\u00eda y Competitividad<\/a><\/p>\n<p>29.12.2012\u00a0<a href=\"http:\/\/www.coag.es\/informacion\/novedades\/vernovedad.aspx?idnoticia=800bfadf-aab5-4a3b-a050-72676d0689a5\">Oposici\u00f3n do Colexio de Arquitectos ao Proxecto de Lei de Servizos Profesionais<\/a><\/p>\n<p>28.12.2012\u00a0<a href=\"http:\/\/etsa.udc.es\/web\/wp-content\/uploads\/2012\/12\/Comunicado-del-CSCAE.-Ley-de-Servicios-Profesionales1.pdf\">Mensaje del Decano del Colegio Oficial de Arquitectos Vasco-Navarro<\/a><\/p>\n<p>20.12.2012\u00a0<a href=\"http:\/\/etsa.udc.es\/web\/wp-content\/uploads\/2012\/12\/REPARTO-COMPETENCIAS-LOE-ARQ.pdf\">Reparto competencias LOE-ARQ<\/a>\u00a0Subdirector General de Arquitectura y Edificaci\u00f3n<\/p>\n<p>20.12.2012\u00a0<a href=\"http:\/\/etsa.udc.es\/web\/wp-content\/uploads\/2012\/12\/Presentaci\u00f3n-LSP.pdf\">Presentaci\u00f3n Ley Servicios Profesionales<\/a><\/p>\n<p>&#8230;<\/p>\n<p>&nbsp;<\/p>\n<p>&nbsp;<\/p>\n<p>&nbsp;<\/p>\n<p>&#8230;<\/p>\n<p>Busquedas en twitter relacionadas<\/p>\n<p><a href=\"https:\/\/twitter.com\/search\/realtime?q=%23lsp&amp;src=typd\">#lsp<\/a>\u00a0<a href=\"https:\/\/twitter.com\/search?q=%23RipArquitectura&amp;src=hash\">#RIParquitectura<\/a><\/p>\n<p>Webs<\/p>\n<p><a href=\"http:\/\/www.cscae.com\/\">CSCAE<\/a> <a href=\"http:\/\/www.coag.es\">COAG\u00a0<\/a><\/p>\n","protected":false},"excerpt":{"rendered":"<p>Ante a gravidade da situaci\u00f3n que se deriva do borrador da Lei de Servizos Profesionais, \u00e9 necesario abrir un espazo na nosa web para mantervos convenientemente informados.\u00a0O tres de xaneiro [&hellip;]<\/p>\n","protected":false},"author":11,"featured_media":5368,"comment_status":"open","ping_status":"open","sticky":false,"template":"","format":"standard","meta":[],"tags":[],"_links":{"self":[{"href":"https:\/\/etsa.udc.es\/web\/index.php?rest_route=\/wp\/v2\/posts\/5355"}],"collection":[{"href":"https:\/\/etsa.udc.es\/web\/index.php?rest_route=\/wp\/v2\/posts"}],"about":[{"href":"https:\/\/etsa.udc.es\/web\/index.php?rest_route=\/wp\/v2\/types\/post"}],"author":[{"embeddable":true,"href":"https:\/\/etsa.udc.es\/web\/index.php?rest_route=\/wp\/v2\/users\/11"}],"replies":[{"embeddable":true,"href":"https:\/\/etsa.udc.es\/web\/index.php?rest_route=%2Fwp%2Fv2%2Fcomments&post=5355"}],"version-history":[{"count":8,"href":"https:\/\/etsa.udc.es\/web\/index.php?rest_route=\/wp\/v2\/posts\/5355\/revisions"}],"predecessor-version":[{"id":6140,"href":"https:\/\/etsa.udc.es\/web\/index.php?rest_route=\/wp\/v2\/posts\/5355\/revisions\/6140"}],"wp:featuredmedia":[{"embeddable":true,"href":"https:\/\/etsa.udc.es\/web\/index.php?rest_route=\/wp\/v2\/media\/5368"}],"wp:attachment":[{"href":"https:\/\/etsa.udc.es\/web\/index.php?rest_route=%2Fwp%2Fv2%2Fmedia&parent=5355"}],"wp:term":[{"taxonomy":"post_tag","embeddable":true,"href":"https:\/\/etsa.udc.es\/web\/index.php?rest_route=%2Fwp%2Fv2%2Ftags&post=5355"}],"curies":[{"name":"wp","href":"https:\/\/api.w.org\/{rel}","templated":true}]}}