{"id":37970,"date":"2026-09-03T15:41:29","date_gmt":"2026-09-03T13:41:29","guid":{"rendered":"https:\/\/etsa.udc.es\/web\/?p=37970"},"modified":"2026-09-03T15:42:04","modified_gmt":"2026-09-03T13:42:04","slug":"master-universitario-en-arquitectura-mua-presentacion-e-comezo-do-curso","status":"publish","type":"post","link":"https:\/\/etsa.udc.es\/web\/?p=37970","title":{"rendered":"M\u00e1ster Universitario en Arquitectura \/ MUA : Presentaci\u00f3n e comezo do curso"},"content":{"rendered":"<p><img loading=\"lazy\" decoding=\"async\" class=\"alignnone wp-image-37971\" src=\"https:\/\/etsa.udc.es\/web\/wp-content\/uploads\/2026\/09\/MUA2d627.jpg\" alt=\"\" width=\"620\" height=\"349\" \/><\/p>\n<p>A presentaci\u00f3n do M\u00c1STER UNIVERSITARIO EN ARQUITECTURA \/ MUA do curso 2026-2027 ter\u00e1 lugar o <strong>martes 8 de setembro no Sal\u00f3n de Actos da ETSAC \u00e1s 10.00 horas<\/strong>. Trala presentaci\u00f3n comezar\u00e1 a docencia segundo o indicado nos horarios publicados na web da ETSAC.<\/p>\n<p>Informaci\u00f3n adicional sobre temas e talleres en: <a href=\"https:\/\/etsa.udc.es\/web\/?page_id=29007\"> https:\/\/etsa.udc.es\/web\/?page_id=29007<\/a><\/p>\n","protected":false},"excerpt":{"rendered":"<p>A presentaci\u00f3n do M\u00c1STER UNIVERSITARIO EN ARQUITECTURA \/ MUA do curso 2026-2027 ter\u00e1 lugar o martes 8 de setembro no Sal\u00f3n de Actos da ETSAC \u00e1s 10.00 horas. Trala presentaci\u00f3n [&hellip;]<\/p>\n","protected":false},"author":252,"featured_media":37971,"comment_status":"closed","ping_status":"open","sticky":false,"template":"","format":"standard","meta":{"footnotes":""},"tags":[],"class_list":["post-37970","post","type-post","status-publish","format-standard","has-post-thumbnail","hentry","category-principal"],"_links":{"self":[{"href":"https:\/\/etsa.udc.es\/web\/index.php?rest_route=\/wp\/v2\/posts\/37970","targetHints":{"allow":["GET"]}}],"collection":[{"href":"https:\/\/etsa.udc.es\/web\/index.php?rest_route=\/wp\/v2\/posts"}],"about":[{"href":"https:\/\/etsa.udc.es\/web\/index.php?rest_route=\/wp\/v2\/types\/post"}],"author":[{"embeddable":true,"href":"https:\/\/etsa.udc.es\/web\/index.php?rest_route=\/wp\/v2\/users\/252"}],"replies":[{"embeddable":true,"href":"https:\/\/etsa.udc.es\/web\/index.php?rest_route=%2Fwp%2Fv2%2Fcomments&post=37970"}],"version-history":[{"count":2,"href":"https:\/\/etsa.udc.es\/web\/index.php?rest_route=\/wp\/v2\/posts\/37970\/revisions"}],"predecessor-version":[{"id":37973,"href":"https:\/\/etsa.udc.es\/web\/index.php?rest_route=\/wp\/v2\/posts\/37970\/revisions\/37973"}],"wp:featuredmedia":[{"embeddable":true,"href":"https:\/\/etsa.udc.es\/web\/index.php?rest_route=\/wp\/v2\/media\/37971"}],"wp:attachment":[{"href":"https:\/\/etsa.udc.es\/web\/index.php?rest_route=%2Fwp%2Fv2%2Fmedia&parent=37970"}],"wp:term":[{"taxonomy":"post_tag","embeddable":true,"href":"https:\/\/etsa.udc.es\/web\/index.php?rest_route=%2Fwp%2Fv2%2Ftags&post=37970"}],"curies":[{"name":"wp","href":"https:\/\/api.w.org\/{rel}","templated":true}]}}