{"id":37966,"date":"2026-09-03T00:09:30","date_gmt":"2026-09-02T22:09:30","guid":{"rendered":"https:\/\/etsa.udc.es\/web\/?p=37966"},"modified":"2026-09-03T00:11:08","modified_gmt":"2026-09-02T22:11:08","slug":"curso-arquitecturas-modernas-del-siglo-xx-en-espana","status":"publish","type":"post","link":"https:\/\/etsa.udc.es\/web\/?p=37966","title":{"rendered":"Curso Arquitecturas modernas na Espa\u00f1a do s\u00e9culo XX"},"content":{"rendered":"<p><img loading=\"lazy\" decoding=\"async\" class=\"alignnone wp-image-37967\" src=\"https:\/\/etsa.udc.es\/web\/wp-content\/uploads\/2026\/09\/S0_CAS_ARQ.-MODERNES_boletin.jpg\" alt=\"\" width=\"620\" height=\"413\" \/><\/p>\n<p>O curso <strong>&#8220;Arquitecturas modernas do s\u00e9culo XX en Espa\u00f1a&#8221;<\/strong> est\u00e1 organizado pola Fundaci\u00f3n Docomomo Ib\u00e9rico e a Fundaci\u00f3n Mies van der Rohe, xunto \u00e1 Escola T\u00e9cnica Superior de Arquitectura da Universidade de Sevilla, a Escola T\u00e9cnica Superior de Arquitectura da Universidade da Coru\u00f1a, a Escola T\u00e9cnica Superior de Arquitectura da Universitat Polit\u00e8cnica de Val\u00e8ncia, e a Escola T\u00e9cnica Superior de Arquitectura da Universidade de Valladolid, coa colaboraci\u00f3n do COAC.<\/p>\n<p>Desenvolverase en tres sesi\u00f3ns, os d\u00edas 15, 22 e 29 de setembro de 2026, na Casa de l&#8217;Arquitectura de Barcelona, antiga sede da editorial Gustavo Gili, de 16h30 a 19h00.<\/p>\n<p><a href=\"https:\/\/docomomoiberico.com\/arquitecturas-modernas-en-la-espana-del-siglo-xx-4\/\">M\u00e1is informaci\u00f3n<\/a><\/p>\n","protected":false},"excerpt":{"rendered":"<p>O curso &#8220;Arquitecturas modernas do s\u00e9culo XX en Espa\u00f1a&#8221; est\u00e1 organizado pola Fundaci\u00f3n Docomomo Ib\u00e9rico e a Fundaci\u00f3n Mies van der Rohe, xunto \u00e1 Escola T\u00e9cnica Superior de Arquitectura da [&hellip;]<\/p>\n","protected":false},"author":252,"featured_media":37967,"comment_status":"closed","ping_status":"open","sticky":false,"template":"","format":"standard","meta":{"footnotes":""},"tags":[],"class_list":["post-37966","post","type-post","status-publish","format-standard","has-post-thumbnail","hentry","category-principal"],"_links":{"self":[{"href":"https:\/\/etsa.udc.es\/web\/index.php?rest_route=\/wp\/v2\/posts\/37966","targetHints":{"allow":["GET"]}}],"collection":[{"href":"https:\/\/etsa.udc.es\/web\/index.php?rest_route=\/wp\/v2\/posts"}],"about":[{"href":"https:\/\/etsa.udc.es\/web\/index.php?rest_route=\/wp\/v2\/types\/post"}],"author":[{"embeddable":true,"href":"https:\/\/etsa.udc.es\/web\/index.php?rest_route=\/wp\/v2\/users\/252"}],"replies":[{"embeddable":true,"href":"https:\/\/etsa.udc.es\/web\/index.php?rest_route=%2Fwp%2Fv2%2Fcomments&post=37966"}],"version-history":[{"count":2,"href":"https:\/\/etsa.udc.es\/web\/index.php?rest_route=\/wp\/v2\/posts\/37966\/revisions"}],"predecessor-version":[{"id":37969,"href":"https:\/\/etsa.udc.es\/web\/index.php?rest_route=\/wp\/v2\/posts\/37966\/revisions\/37969"}],"wp:featuredmedia":[{"embeddable":true,"href":"https:\/\/etsa.udc.es\/web\/index.php?rest_route=\/wp\/v2\/media\/37967"}],"wp:attachment":[{"href":"https:\/\/etsa.udc.es\/web\/index.php?rest_route=%2Fwp%2Fv2%2Fmedia&parent=37966"}],"wp:term":[{"taxonomy":"post_tag","embeddable":true,"href":"https:\/\/etsa.udc.es\/web\/index.php?rest_route=%2Fwp%2Fv2%2Ftags&post=37966"}],"curies":[{"name":"wp","href":"https:\/\/api.w.org\/{rel}","templated":true}]}}