{"id":37963,"date":"2026-09-02T09:17:49","date_gmt":"2026-09-02T07:17:49","guid":{"rendered":"https:\/\/etsa.udc.es\/web\/?p=37963"},"modified":"2026-09-02T09:17:49","modified_gmt":"2026-09-02T07:17:49","slug":"chamada-a-participacion-no-congreso-arcadia-7-habitar-na-encrucillada","status":"publish","type":"post","link":"https:\/\/etsa.udc.es\/web\/?p=37963","title":{"rendered":"Chamada \u00e1 participaci\u00f3n no congreso ArCaDia 7 &#8211; Habitar na encrucillada"},"content":{"rendered":"<div><img loading=\"lazy\" decoding=\"async\" class=\"alignnone wp-image-37964\" src=\"https:\/\/etsa.udc.es\/web\/wp-content\/uploads\/2026\/09\/16753-92807a16e9cb14ff007b10aeed5d7187.png\" alt=\"\" width=\"620\" height=\"347\" \/><\/div>\n<div><\/div>\n<div class=\"x_elementToProof\"><strong>&#x1f4e3; ARCADIA 7 \u2014 CHAMADA \u00c1 PARTICIPACI\u00d3N<\/strong><\/div>\n<div class=\"x_elementToProof\"><strong>HABITAR NA ENCRUCILLADA<\/strong><br \/>\n<i>Epistemolox\u00edas desde o Sur Global<\/i><\/div>\n<div class=\"x_elementToProof\">&#x1f4cd; FA.ULisboa \u2014 Lisboa<br \/>\n&#x1f4c5; 24\u201328 novembro 2026<br \/>\n&#x23f3; Env\u00edo de propostas ata o 10 de setembro<\/div>\n<div><\/div>\n<div class=\"x_elementToProof\">Que co\u00f1ecementos necesitamos para afrontar a crise da vivenda, o aumento das desigualdades, os desprazamentos forzados e a exclusi\u00f3n urbana?<\/div>\n<div><\/div>\n<div class=\"x_elementToProof\">E, sobre todo: quen produce ese co\u00f1ecemento e desde onde?<\/div>\n<div><\/div>\n<div class=\"x_elementToProof\">ArCaDia 7 prop\u00f3n desprazar a mirada cara \u00e1s periferias, \u00e1s marxes urbanas, aos territorios historicamente subordinados e \u00e1s experiencias colectivas que est\u00e1n constru\u00edndo outras formas de habitar, co\u00f1ecer e transformar.<\/div>\n<div class=\"x_elementToProof\">Buscamos investigaci\u00f3ns, pr\u00e1cticas e experiencias que po\u00f1an en di\u00e1logo universidade, comunidades, movementos sociais, profesionais e instituci\u00f3ns.<\/div>\n<div><\/div>\n<div class=\"x_elementToProof\">Est\u00e1n abertas d\u00faas modalidades:<\/div>\n<div><\/div>\n<div class=\"x_elementToProof\">&#x1f539; M-1 | Comunicaci\u00f3n Cient\u00edfica<br \/>\nDereito \u00e1 vivenda e \u00e1 cidade, xustiza espacial, produci\u00f3n social do h\u00e1bitat, migraci\u00f3ns e desprazamentos, coproduci\u00f3n do co\u00f1ecemento, formaci\u00f3n e pr\u00e1cticas socioterritoriais.<\/div>\n<div><\/div>\n<div class=\"x_elementToProof\">&#x1f539; M-2 | Exposici\u00f3n \u00abPr\u00e1cticas na Encrucillada\u00bb<br \/>\nExperiencias de acci\u00f3n colectiva, cooperaci\u00f3n, participaci\u00f3n comunitaria, asesor\u00eda t\u00e9cnica, investigaci\u00f3n-acci\u00f3n e produci\u00f3n compartida de co\u00f1ecemento.<\/div>\n<div><\/div>\n<div class=\"x_elementToProof\">Inter\u00e9sannos especialmente os traballos constru\u00eddos en di\u00e1logo cos territorios e coas comunidades.<\/div>\n<div><\/div>\n<div class=\"x_elementToProof\">ArCaDia 7 non quere falar sobre o Sur Global desde f\u00f3ra.<\/div>\n<div><\/div>\n<div class=\"x_elementToProof\">Quere constru\u00edr un espazo no que diferentes saberes, pr\u00e1cticas e experiencias poidan encontrarse en condici\u00f3ns m\u00e1is horizontais e disputar as formas dominantes de producir cidade, arquitectura e co\u00f1ecemento.<\/div>\n<div><\/div>\n<div class=\"x_elementToProof\">&#x1f4c5; Prazo: 10 setembro 2026<br \/>\n&#x1f4c5; Congreso: 24\u201328 novembro 2026<br \/>\n&#x1f4cd; Faculdade de Arquitetura da Universidade de Lisboa<\/div>\n<div class=\"x_elementToProof\">&#x1f310; <a id=\"OWA1ddb46f2-1541-0281-1511-c3a1835988e6\" class=\"x_OWAAutoLink\" href=\"https:\/\/eur02.safelinks.protection.outlook.com\/?url=https%3A%2F%2Farcadia7-habitar-encruzilhada.lovable.app%2F&amp;data=05%7C02%7Cantonio.rio.vazquez%40udc.es%7C609985d47e8b40dfb98008df08be6dd3%7Ccea1ea3e60b24f75a6c2a6022e8f961b%7C0%7C0%7C639239286368977694%7CUnknown%7CTWFpbGZsb3d8eyJFbXB0eU1hcGkiOnRydWUsIlYiOiIwLjAuMDAwMCIsIlAiOiJXaW4zMiIsIkFOIjoiTWFpbCIsIldUIjoyfQ%3D%3D%7C0%7C%7C%7C&amp;sdata=kDXar43V5PlDDNLhLFQCLM8cK7cA8ayxdkw4X2jqypw%3D&amp;reserved=0\"> https:\/\/arcadia7-habitar-encruzilhada.lovable.app\/<\/a><\/div>\n<div class=\"x_elementToProof\">Participa. Difunde. Trae a t\u00faa experiencia \u00e1 encrucillada.<\/div>\n","protected":false},"excerpt":{"rendered":"<p>&#x1f4e3; ARCADIA 7 \u2014 CHAMADA \u00c1 PARTICIPACI\u00d3N HABITAR NA ENCRUCILLADA Epistemolox\u00edas desde o Sur Global &#x1f4cd; FA.ULisboa \u2014 Lisboa &#x1f4c5; 24\u201328 novembro 2026 &#x23f3; Env\u00edo de propostas ata o 10 [&hellip;]<\/p>\n","protected":false},"author":252,"featured_media":37964,"comment_status":"closed","ping_status":"open","sticky":false,"template":"","format":"standard","meta":{"footnotes":""},"tags":[],"class_list":["post-37963","post","type-post","status-publish","format-standard","has-post-thumbnail","hentry","category-principal"],"_links":{"self":[{"href":"https:\/\/etsa.udc.es\/web\/index.php?rest_route=\/wp\/v2\/posts\/37963","targetHints":{"allow":["GET"]}}],"collection":[{"href":"https:\/\/etsa.udc.es\/web\/index.php?rest_route=\/wp\/v2\/posts"}],"about":[{"href":"https:\/\/etsa.udc.es\/web\/index.php?rest_route=\/wp\/v2\/types\/post"}],"author":[{"embeddable":true,"href":"https:\/\/etsa.udc.es\/web\/index.php?rest_route=\/wp\/v2\/users\/252"}],"replies":[{"embeddable":true,"href":"https:\/\/etsa.udc.es\/web\/index.php?rest_route=%2Fwp%2Fv2%2Fcomments&post=37963"}],"version-history":[{"count":1,"href":"https:\/\/etsa.udc.es\/web\/index.php?rest_route=\/wp\/v2\/posts\/37963\/revisions"}],"predecessor-version":[{"id":37965,"href":"https:\/\/etsa.udc.es\/web\/index.php?rest_route=\/wp\/v2\/posts\/37963\/revisions\/37965"}],"wp:featuredmedia":[{"embeddable":true,"href":"https:\/\/etsa.udc.es\/web\/index.php?rest_route=\/wp\/v2\/media\/37964"}],"wp:attachment":[{"href":"https:\/\/etsa.udc.es\/web\/index.php?rest_route=%2Fwp%2Fv2%2Fmedia&parent=37963"}],"wp:term":[{"taxonomy":"post_tag","embeddable":true,"href":"https:\/\/etsa.udc.es\/web\/index.php?rest_route=%2Fwp%2Fv2%2Ftags&post=37963"}],"curies":[{"name":"wp","href":"https:\/\/api.w.org\/{rel}","templated":true}]}}