{"id":37960,"date":"2026-09-01T19:48:21","date_gmt":"2026-09-01T17:48:21","guid":{"rendered":"https:\/\/etsa.udc.es\/web\/?p=37960"},"modified":"2026-09-01T19:48:21","modified_gmt":"2026-09-01T17:48:21","slug":"preinscricion-do-master-en-fachadas-lixeiras-de-vidro-cortizo-udc","status":"publish","type":"post","link":"https:\/\/etsa.udc.es\/web\/?p=37960","title":{"rendered":"Preinscrici\u00f3n do M\u00e1ster en Fachadas Lixeiras de Vidro Cortizo &#8211; UDC"},"content":{"rendered":"<p><img loading=\"lazy\" decoding=\"async\" class=\"alignnone wp-image-37961\" src=\"https:\/\/etsa.udc.es\/web\/wp-content\/uploads\/2026\/09\/cartel-master-cortizo-UDC.png\" alt=\"\" width=\"620\" height=\"356\" \/><\/p>\n<p>Apertura do primeiro prazo de preinscrici\u00f3n do <strong>M\u00e1ster de Formaci\u00f3n Permanente en Fachadas Lixeiras de Vidro Cortizo-UDC:<\/strong> do 1 de setembro ao 30 de setembro.<\/p>\n<p><a href=\"http:\/\/www.mastercortizoudc.com\/\">M\u00e1is informaci\u00f3n e preinscripci\u00f3n<\/a><\/p>\n","protected":false},"excerpt":{"rendered":"<p>Apertura do primeiro prazo de preinscrici\u00f3n do M\u00e1ster de Formaci\u00f3n Permanente en Fachadas Lixeiras de Vidro Cortizo-UDC: do 1 de setembro ao 30 de setembro. M\u00e1is informaci\u00f3n e preinscripci\u00f3n<\/p>\n","protected":false},"author":252,"featured_media":37961,"comment_status":"closed","ping_status":"open","sticky":false,"template":"","format":"standard","meta":{"footnotes":""},"tags":[],"class_list":["post-37960","post","type-post","status-publish","format-standard","has-post-thumbnail","hentry","category-principal"],"_links":{"self":[{"href":"https:\/\/etsa.udc.es\/web\/index.php?rest_route=\/wp\/v2\/posts\/37960","targetHints":{"allow":["GET"]}}],"collection":[{"href":"https:\/\/etsa.udc.es\/web\/index.php?rest_route=\/wp\/v2\/posts"}],"about":[{"href":"https:\/\/etsa.udc.es\/web\/index.php?rest_route=\/wp\/v2\/types\/post"}],"author":[{"embeddable":true,"href":"https:\/\/etsa.udc.es\/web\/index.php?rest_route=\/wp\/v2\/users\/252"}],"replies":[{"embeddable":true,"href":"https:\/\/etsa.udc.es\/web\/index.php?rest_route=%2Fwp%2Fv2%2Fcomments&post=37960"}],"version-history":[{"count":1,"href":"https:\/\/etsa.udc.es\/web\/index.php?rest_route=\/wp\/v2\/posts\/37960\/revisions"}],"predecessor-version":[{"id":37962,"href":"https:\/\/etsa.udc.es\/web\/index.php?rest_route=\/wp\/v2\/posts\/37960\/revisions\/37962"}],"wp:featuredmedia":[{"embeddable":true,"href":"https:\/\/etsa.udc.es\/web\/index.php?rest_route=\/wp\/v2\/media\/37961"}],"wp:attachment":[{"href":"https:\/\/etsa.udc.es\/web\/index.php?rest_route=%2Fwp%2Fv2%2Fmedia&parent=37960"}],"wp:term":[{"taxonomy":"post_tag","embeddable":true,"href":"https:\/\/etsa.udc.es\/web\/index.php?rest_route=%2Fwp%2Fv2%2Ftags&post=37960"}],"curies":[{"name":"wp","href":"https:\/\/api.w.org\/{rel}","templated":true}]}}