{"id":37955,"date":"2026-09-01T09:50:14","date_gmt":"2026-09-01T07:50:14","guid":{"rendered":"https:\/\/etsa.udc.es\/web\/?p=37955"},"modified":"2026-09-01T09:50:14","modified_gmt":"2026-09-01T07:50:14","slug":"xornada-amizade-en-torno-a-baltar-no-museo-do-pobo-galego","status":"publish","type":"post","link":"https:\/\/etsa.udc.es\/web\/?p=37955","title":{"rendered":"Xornada \u201cAmizade en torno a Baltar\u201d no Museo do Pobo Galego"},"content":{"rendered":"<p><img loading=\"lazy\" decoding=\"async\" class=\"alignnone  wp-image-37956\" src=\"https:\/\/etsa.udc.es\/web\/wp-content\/uploads\/2026\/09\/Xornada_Amizade_en_torno_a_Baltar.png\" alt=\"\" width=\"620\" height=\"563\" \/><\/p>\n<p>O Colexio Oficial de Arquitectos de Galicia (COAG) convida a toda a cidadan\u00eda a participar na xornada <strong>\u201cAmizade en torno a Baltar\u201d<\/strong>, celebrarase o vindeiro <strong>8 de setembro<\/strong> no Sal\u00f3n de Actos do Museo do Pobo Galego, en Santiago de Compostela.<span id=\"more-271301\"><\/span><\/p>\n<p>Esta cita inscr\u00edbese no marco da exposici\u00f3n <em>\u201cRafael Baltar. Testemu\u00f1a dun tempo\u201d<\/em>, unha mostra organizada polo COAG e a s\u00faa Delegaci\u00f3n de Santiago, o Museo do Pobo Galego e a Escola T\u00e9cnica Superior de Arquitectura da Coru\u00f1a, coa colaboraci\u00f3n da Xunta de Galicia. A xornada busca render homenaxe e afondar no legado de Rafael Baltar (1933-2004), figura clave na cultura, na arquitectura e nas instituci\u00f3ns galegas do \u00faltimo terzo do s\u00e9culo XX.<\/p>\n<h2>Programa da xornada (8 de setembro)<\/h2>\n<ul>\n<li><strong>16:15 h<\/strong> | Reecepci\u00f3n e presentaaci\u00f3n. Museo do Pobo Galego \u2013 COAG.<\/li>\n<li><strong>16:30 h<\/strong> | <em>O contexto compostel\u00e1n<\/em>: Unha conversa de <strong>Ram\u00f3n Villares<\/strong> e as comisarias <strong>Paula Franjo<\/strong> e <strong>Sandra Gonz\u00e1lez \u00c1lvarez<\/strong>.<\/li>\n<li><strong>17:15 h<\/strong> | <em>A obra de Baltar, Bartolom\u00e9 y Almui\u00f1a<\/em>: Intervenci\u00f3n de <strong>Fernando Agrasar<\/strong>.<\/li>\n<li><strong>18:00 h<\/strong> | <em>A experiencia docente<\/em>: <strong>M\u00f3nica Mesejo<\/strong>\u00a0en conversa con <strong>Crist\u00f3bal Crespo e Juan Prieto<\/strong>.<\/li>\n<li><strong>18:45 h<\/strong> | <em>Escolmas<\/em>: Di\u00e1logo entre <strong>Ram\u00f3n Baltar<\/strong>, <strong>Myriam Gollubof<\/strong> e <strong>Felipe Pe\u00f1a<\/strong>, en conversaci\u00f3n con <strong>Pablo Gallego<\/strong>.<\/li>\n<li><strong>19:30 h <\/strong>| Preguntas e di\u00e1logo ao fin da xornada.<\/li>\n<li><strong>20:00 h<\/strong>\u00a0| C\u00f3ctel.<\/li>\n<\/ul>\n<p><a href=\"https:\/\/portal.coag.es\/coag\/o-museo-do-pobo-galego-acolle-a-xornada-aberta-amizade-en-torno-a-baltar-o-vindeiro-8-de-setembro\/\">M\u00e1is informaci\u00f3n<\/a><\/p>\n","protected":false},"excerpt":{"rendered":"<p>O Colexio Oficial de Arquitectos de Galicia (COAG) convida a toda a cidadan\u00eda a participar na xornada \u201cAmizade en torno a Baltar\u201d, celebrarase o vindeiro 8 de setembro no Sal\u00f3n [&hellip;]<\/p>\n","protected":false},"author":252,"featured_media":37956,"comment_status":"closed","ping_status":"open","sticky":false,"template":"","format":"standard","meta":{"footnotes":""},"tags":[],"class_list":["post-37955","post","type-post","status-publish","format-standard","has-post-thumbnail","hentry","category-principal"],"_links":{"self":[{"href":"https:\/\/etsa.udc.es\/web\/index.php?rest_route=\/wp\/v2\/posts\/37955","targetHints":{"allow":["GET"]}}],"collection":[{"href":"https:\/\/etsa.udc.es\/web\/index.php?rest_route=\/wp\/v2\/posts"}],"about":[{"href":"https:\/\/etsa.udc.es\/web\/index.php?rest_route=\/wp\/v2\/types\/post"}],"author":[{"embeddable":true,"href":"https:\/\/etsa.udc.es\/web\/index.php?rest_route=\/wp\/v2\/users\/252"}],"replies":[{"embeddable":true,"href":"https:\/\/etsa.udc.es\/web\/index.php?rest_route=%2Fwp%2Fv2%2Fcomments&post=37955"}],"version-history":[{"count":1,"href":"https:\/\/etsa.udc.es\/web\/index.php?rest_route=\/wp\/v2\/posts\/37955\/revisions"}],"predecessor-version":[{"id":37957,"href":"https:\/\/etsa.udc.es\/web\/index.php?rest_route=\/wp\/v2\/posts\/37955\/revisions\/37957"}],"wp:featuredmedia":[{"embeddable":true,"href":"https:\/\/etsa.udc.es\/web\/index.php?rest_route=\/wp\/v2\/media\/37956"}],"wp:attachment":[{"href":"https:\/\/etsa.udc.es\/web\/index.php?rest_route=%2Fwp%2Fv2%2Fmedia&parent=37955"}],"wp:term":[{"taxonomy":"post_tag","embeddable":true,"href":"https:\/\/etsa.udc.es\/web\/index.php?rest_route=%2Fwp%2Fv2%2Ftags&post=37955"}],"curies":[{"name":"wp","href":"https:\/\/api.w.org\/{rel}","templated":true}]}}