{"id":37452,"date":"2026-04-17T23:17:29","date_gmt":"2026-04-17T21:17:29","guid":{"rendered":"https:\/\/etsa.udc.es\/web\/?p=37452"},"modified":"2026-04-17T23:18:08","modified_gmt":"2026-04-17T21:18:08","slug":"conferencia-de-vier-arquitectos-na-delegacion-da-coruna-do-coag","status":"publish","type":"post","link":"https:\/\/etsa.udc.es\/web\/?p=37452","title":{"rendered":"Conferencia de VIER arquitectos na Delegaci\u00f3n da Coru\u00f1a do COAG"},"content":{"rendered":"<p><img decoding=\"async\" loading=\"lazy\" class=\"alignnone wp-image-37453 size-large\" src=\"http:\/\/etsa.udc.es\/web\/wp-content\/uploads\/2026\/04\/VIER_RGB_POSTER-HORIZONTAL-L-1-620x276.png\" alt=\"\" width=\"620\" height=\"276\" srcset=\"https:\/\/etsa.udc.es\/web\/wp-content\/uploads\/2026\/04\/VIER_RGB_POSTER-HORIZONTAL-L-1-620x276.png 620w, https:\/\/etsa.udc.es\/web\/wp-content\/uploads\/2026\/04\/VIER_RGB_POSTER-HORIZONTAL-L-1-180x80.png 180w, https:\/\/etsa.udc.es\/web\/wp-content\/uploads\/2026\/04\/VIER_RGB_POSTER-HORIZONTAL-L-1-768x342.png 768w, https:\/\/etsa.udc.es\/web\/wp-content\/uploads\/2026\/04\/VIER_RGB_POSTER-HORIZONTAL-L-1-1536x683.png 1536w, https:\/\/etsa.udc.es\/web\/wp-content\/uploads\/2026\/04\/VIER_RGB_POSTER-HORIZONTAL-L-1.png 1744w\" sizes=\"(max-width: 620px) 100vw, 620px\" \/><\/p>\n<p>O m\u00e9rcores 22 de abril, \u00e1s 19:00 horas, na Delegaci\u00f3n da Coru\u00f1a do Colexio Oficial de Arquitectos de Galicia, ter\u00e1 lugar a conferencia <strong>&#8220;Entrando en Materia(s)&#8221;<\/strong> que ser\u00e1 impartida polos arquitectos <strong>Antonio Raya<\/strong>, <strong>Crist\u00f3bal Crespo<\/strong>, <strong>Santiago S\u00e1nchez<\/strong> e <strong>Enrique Antelo<\/strong>, fundadores e socios do estudio <strong>VIER arquitectos<\/strong>.<\/p>\n<p>VIER Arquitectos \u00e9 un estudio con sede en Galicia, constitu\u00eddo polos arquitectos Antonio Raya, Crist\u00f3bal Crespo, Santiago S\u00e1nchez e Enrique Antelo, todos eles titulados pola ETS de Arquitectura da Universidade da Coru\u00f1a, centro no que ademais imparten docencia. Ao longo dunha traxectoria de m\u00e1is de 30 anos, te\u00f1en desenvolvido unha produci\u00f3n diversa que abrangue dende a escala residencial at\u00e9 a rehabilitaci\u00f3n arquitect\u00f3nica, equipamentos p\u00fablicos e deportivos, intervenci\u00f3ns urbanas e edificios industriais.<\/p>\n<p><a href=\"https:\/\/portal.coag.es\/acoruna\/conferencia-de-vier-arquitectos-entrando-en-materias\/\">M\u00e1is informaci\u00f3n<\/a><\/p>\n","protected":false},"excerpt":{"rendered":"<p>O m\u00e9rcores 22 de abril, \u00e1s 19:00 horas, na Delegaci\u00f3n da Coru\u00f1a do Colexio Oficial de Arquitectos de Galicia, ter\u00e1 lugar a conferencia &#8220;Entrando en Materia(s)&#8221; que ser\u00e1 impartida polos [&hellip;]<\/p>\n","protected":false},"author":252,"featured_media":37453,"comment_status":"closed","ping_status":"closed","sticky":false,"template":"","format":"standard","meta":[],"tags":[],"_links":{"self":[{"href":"https:\/\/etsa.udc.es\/web\/index.php?rest_route=\/wp\/v2\/posts\/37452"}],"collection":[{"href":"https:\/\/etsa.udc.es\/web\/index.php?rest_route=\/wp\/v2\/posts"}],"about":[{"href":"https:\/\/etsa.udc.es\/web\/index.php?rest_route=\/wp\/v2\/types\/post"}],"author":[{"embeddable":true,"href":"https:\/\/etsa.udc.es\/web\/index.php?rest_route=\/wp\/v2\/users\/252"}],"replies":[{"embeddable":true,"href":"https:\/\/etsa.udc.es\/web\/index.php?rest_route=%2Fwp%2Fv2%2Fcomments&post=37452"}],"version-history":[{"count":2,"href":"https:\/\/etsa.udc.es\/web\/index.php?rest_route=\/wp\/v2\/posts\/37452\/revisions"}],"predecessor-version":[{"id":37455,"href":"https:\/\/etsa.udc.es\/web\/index.php?rest_route=\/wp\/v2\/posts\/37452\/revisions\/37455"}],"wp:featuredmedia":[{"embeddable":true,"href":"https:\/\/etsa.udc.es\/web\/index.php?rest_route=\/wp\/v2\/media\/37453"}],"wp:attachment":[{"href":"https:\/\/etsa.udc.es\/web\/index.php?rest_route=%2Fwp%2Fv2%2Fmedia&parent=37452"}],"wp:term":[{"taxonomy":"post_tag","embeddable":true,"href":"https:\/\/etsa.udc.es\/web\/index.php?rest_route=%2Fwp%2Fv2%2Ftags&post=37452"}],"curies":[{"name":"wp","href":"https:\/\/api.w.org\/{rel}","templated":true}]}}