{"id":36895,"date":"2025-11-21T15:15:17","date_gmt":"2025-11-21T14:15:17","guid":{"rendered":"https:\/\/etsa.udc.es\/web\/?p=36895"},"modified":"2025-11-21T15:15:17","modified_gmt":"2025-11-21T14:15:17","slug":"actividades-formativas-no-marco-do-proxecto-poctep-green-gap","status":"publish","type":"post","link":"https:\/\/etsa.udc.es\/web\/?p=36895","title":{"rendered":"Actividades formativas no marco do proxecto POCTEP Green Gap"},"content":{"rendered":"<p><img decoding=\"async\" loading=\"lazy\" class=\"alignnone wp-image-36897 \" src=\"http:\/\/etsa.udc.es\/web\/wp-content\/uploads\/2025\/11\/Formacion-novembro-GreenGAP.jpg\" alt=\"\" width=\"620\" height=\"775\" srcset=\"https:\/\/etsa.udc.es\/web\/wp-content\/uploads\/2025\/11\/Formacion-novembro-GreenGAP.jpg 1080w, https:\/\/etsa.udc.es\/web\/wp-content\/uploads\/2025\/11\/Formacion-novembro-GreenGAP-84x105.jpg 84w, https:\/\/etsa.udc.es\/web\/wp-content\/uploads\/2025\/11\/Formacion-novembro-GreenGAP-240x300.jpg 240w, https:\/\/etsa.udc.es\/web\/wp-content\/uploads\/2025\/11\/Formacion-novembro-GreenGAP-768x960.jpg 768w\" sizes=\"(max-width: 620px) 100vw, 620px\" \/><\/p>\n<p>A pr\u00f3xima semana ter\u00e1n lugar d\u00faas actividades formativas no marco do proxecto <strong>POCTEP Green Gap<\/strong>, centradas na renaturalizaci\u00f3n urbana e a restauraci\u00f3n ecol\u00f3xica.<\/p>\n<p>Por unha banda, o m\u00e9rcores 26 de novembro, o CITEEC acoller\u00e1 o curso <strong>\u201cEvaluaci\u00f3n y seguimiento de Estrategias de Infraestructura Verde y de renaturalizaci\u00f3n urbana\u201d<\/strong> a cargo de Francisco Alberto Varela Garc\u00eda, Director do Departamento de Enxe\u00f1ar\u00eda Civil e Investigador Principal do proxecto Green Gap na Universidade da Coru\u00f1a.<\/p>\n<p><a href=\"https:\/\/eur02.safelinks.protection.outlook.com\/?url=https%3A%2F%2Fform.jotform.com%2F253132903827052&amp;data=05%7C02%7Cantonio.rio.vazquez%40udc.es%7Ccac16989d33f462525ed08de28e0fe68%7Ccea1ea3e60b24f75a6c2a6022e8f961b%7C0%7C0%7C638993144174231220%7CUnknown%7CTWFpbGZsb3d8eyJFbXB0eU1hcGkiOnRydWUsIlYiOiIwLjAuMDAwMCIsIlAiOiJXaW4zMiIsIkFOIjoiTWFpbCIsIldUIjoyfQ%3D%3D%7C0%7C%7C%7C&amp;sdata=ra%2BQ9QCspSSSt5a%2B6aYAVodCDNvj%2BywbILovRymthYQ%3D&amp;reserved=0\">Programa do curso e formulario de inscrici\u00f3n<\/a><\/p>\n<p>A formaci\u00f3n, que ser\u00e1 impartida na Sala de Visualizaci\u00f3n, ofrecer\u00e1 unha visi\u00f3n pr\u00e1ctica sobre renaturalizaci\u00f3n urbana e ferramentas de avaliaci\u00f3n, inclu\u00edndo o sistema de indicadores do proxecto Green Gap e o seu visor cartogr\u00e1fico, permitindo \u00e1s persoas participantes aplicar os co\u00f1ecementos na planificaci\u00f3n e seguimento da infraestrutura verde local.<\/p>\n<p>Ao d\u00eda seguinte, xoves 27 de novembro, ter\u00e1n lugar as xornadas <strong>\u201cRetos y oportunidades para la restauraci\u00f3n ecol\u00f3gica en la Eurorregi\u00f3n Galicia\u2013Norte de Portugal\u201d<\/strong> na ETS de Enxe\u00f1ar\u00eda de Cami\u00f1os, Canais e Portos. Esta actividade acoller\u00e1 a ponencia de Francisco Javier Sanz Larruga, Catedr\u00e1tico de Dereito Administrativo, quen abordar\u00e1 a Lei de Restauraci\u00f3n da Natureza da UE; as\u00ed como a intervenci\u00f3n de Yaiza Rodr\u00edguez Lueje, investigadora do Programa de Doutoramento en Ciencias Mari\u00f1as, Tecnolox\u00eda e Xesti\u00f3n, quen analizar\u00e1 o papel das especies ex\u00f3ticas invasoras e a necesidade da s\u00faa xesti\u00f3n na infraestrutura verde local.<\/p>\n<p><a href=\"https:\/\/eur02.safelinks.protection.outlook.com\/?url=https%3A%2F%2Fform.jotform.com%2F253133381965359&amp;data=05%7C02%7Cantonio.rio.vazquez%40udc.es%7Ccac16989d33f462525ed08de28e0fe68%7Ccea1ea3e60b24f75a6c2a6022e8f961b%7C0%7C0%7C638993144174276767%7CUnknown%7CTWFpbGZsb3d8eyJFbXB0eU1hcGkiOnRydWUsIlYiOiIwLjAuMDAwMCIsIlAiOiJXaW4zMiIsIkFOIjoiTWFpbCIsIldUIjoyfQ%3D%3D%7C0%7C%7C%7C&amp;sdata=Y1lzGG%2FLVtosngSlLKnQi1zX3KJcwTOzJYrVuWTkc2E%3D&amp;reserved=0\">Programa das xornadas e formulario de inscrici\u00f3n<\/a><\/p>\n","protected":false},"excerpt":{"rendered":"<p>A pr\u00f3xima semana ter\u00e1n lugar d\u00faas actividades formativas no marco do proxecto POCTEP Green Gap, centradas na renaturalizaci\u00f3n urbana e a restauraci\u00f3n ecol\u00f3xica. Por unha banda, o m\u00e9rcores 26 de [&hellip;]<\/p>\n","protected":false},"author":252,"featured_media":36896,"comment_status":"closed","ping_status":"closed","sticky":false,"template":"","format":"standard","meta":[],"tags":[],"_links":{"self":[{"href":"https:\/\/etsa.udc.es\/web\/index.php?rest_route=\/wp\/v2\/posts\/36895"}],"collection":[{"href":"https:\/\/etsa.udc.es\/web\/index.php?rest_route=\/wp\/v2\/posts"}],"about":[{"href":"https:\/\/etsa.udc.es\/web\/index.php?rest_route=\/wp\/v2\/types\/post"}],"author":[{"embeddable":true,"href":"https:\/\/etsa.udc.es\/web\/index.php?rest_route=\/wp\/v2\/users\/252"}],"replies":[{"embeddable":true,"href":"https:\/\/etsa.udc.es\/web\/index.php?rest_route=%2Fwp%2Fv2%2Fcomments&post=36895"}],"version-history":[{"count":1,"href":"https:\/\/etsa.udc.es\/web\/index.php?rest_route=\/wp\/v2\/posts\/36895\/revisions"}],"predecessor-version":[{"id":36898,"href":"https:\/\/etsa.udc.es\/web\/index.php?rest_route=\/wp\/v2\/posts\/36895\/revisions\/36898"}],"wp:featuredmedia":[{"embeddable":true,"href":"https:\/\/etsa.udc.es\/web\/index.php?rest_route=\/wp\/v2\/media\/36896"}],"wp:attachment":[{"href":"https:\/\/etsa.udc.es\/web\/index.php?rest_route=%2Fwp%2Fv2%2Fmedia&parent=36895"}],"wp:term":[{"taxonomy":"post_tag","embeddable":true,"href":"https:\/\/etsa.udc.es\/web\/index.php?rest_route=%2Fwp%2Fv2%2Ftags&post=36895"}],"curies":[{"name":"wp","href":"https:\/\/api.w.org\/{rel}","templated":true}]}}