{"id":36113,"date":"2025-04-06T16:33:35","date_gmt":"2025-04-06T14:33:35","guid":{"rendered":"https:\/\/etsa.udc.es\/web\/?p=36113"},"modified":"2025-04-06T16:33:35","modified_gmt":"2025-04-06T14:33:35","slug":"estudantado-e-profesorado-da-etsac-galardoado-nos-premios-coag","status":"publish","type":"post","link":"https:\/\/etsa.udc.es\/web\/?p=36113","title":{"rendered":"Estudantado e profesorado da ETSAC galardoado nos Premios COAG"},"content":{"rendered":"<p><img decoding=\"async\" loading=\"lazy\" class=\"alignnone wp-image-36115 size-large\" src=\"http:\/\/etsa.udc.es\/web\/wp-content\/uploads\/2025\/04\/XXI_Premios_COAG_0321-620x248.png\" alt=\"\" width=\"620\" height=\"248\" srcset=\"https:\/\/etsa.udc.es\/web\/wp-content\/uploads\/2025\/04\/XXI_Premios_COAG_0321-620x248.png 620w, https:\/\/etsa.udc.es\/web\/wp-content\/uploads\/2025\/04\/XXI_Premios_COAG_0321-180x72.png 180w, https:\/\/etsa.udc.es\/web\/wp-content\/uploads\/2025\/04\/XXI_Premios_COAG_0321-768x307.png 768w, https:\/\/etsa.udc.es\/web\/wp-content\/uploads\/2025\/04\/XXI_Premios_COAG_0321-1536x615.png 1536w, https:\/\/etsa.udc.es\/web\/wp-content\/uploads\/2025\/04\/XXI_Premios_COAG_0321.png 1667w\" sizes=\"(max-width: 620px) 100vw, 620px\" \/><\/p>\n<p>Onte d\u00e9ronse a co\u00f1ecer os proxectos ga\u00f1adores da <strong>XXI Edici\u00f3n dos Premios do Colexio Oficial de Arquitectos de Galicia<\/strong>. Entre os galard\u00f3ns figura unha ampla presenza de profesorado da ETSAC, como <strong>Carlos Quint\u00e1ns Eiras<\/strong>, <strong>Zaida Garc\u00eda Requejo<\/strong>, <strong>Juan Creus Andrade<\/strong>, <strong>Alberto Redondo Porto<\/strong> e docentes xubilados como <strong>Iago Seara Morales<\/strong> e <strong>Jos\u00e9 Gonz\u00e1lez-Cebri\u00e1n Tello<\/strong>. <strong>Alberto Noguerol del R\u00edo<\/strong>, que tam\u00e9n foi profesor da Escola, obtivo o reco\u00f1ecemento especial a toda a traxectoria profesional a t\u00edtulo p\u00f3stumo.<\/p>\n<p>A arquitecta formada na ETSAC <strong>Laura Pena Crist\u00f3bal<\/strong> obtivo o Premio Fin de Carreira polo seu traballo Fin de M\u00e1ster. Noutras propostas galordoadas tam\u00e9n aparecen arquitectos e arquitectas que estudaron na ETSAC.<\/p>\n<p><a href=\"https:\/\/www.coag.es\/premios\/obras\/3\">M\u00e1is informaci\u00f3n<\/a><\/p>\n","protected":false},"excerpt":{"rendered":"<p>Onte d\u00e9ronse a co\u00f1ecer os proxectos ga\u00f1adores da XXI Edici\u00f3n dos Premios do Colexio Oficial de Arquitectos de Galicia. Entre os galard\u00f3ns figura unha ampla presenza de profesorado da ETSAC, [&hellip;]<\/p>\n","protected":false},"author":252,"featured_media":36115,"comment_status":"closed","ping_status":"closed","sticky":false,"template":"","format":"standard","meta":[],"tags":[],"_links":{"self":[{"href":"https:\/\/etsa.udc.es\/web\/index.php?rest_route=\/wp\/v2\/posts\/36113"}],"collection":[{"href":"https:\/\/etsa.udc.es\/web\/index.php?rest_route=\/wp\/v2\/posts"}],"about":[{"href":"https:\/\/etsa.udc.es\/web\/index.php?rest_route=\/wp\/v2\/types\/post"}],"author":[{"embeddable":true,"href":"https:\/\/etsa.udc.es\/web\/index.php?rest_route=\/wp\/v2\/users\/252"}],"replies":[{"embeddable":true,"href":"https:\/\/etsa.udc.es\/web\/index.php?rest_route=%2Fwp%2Fv2%2Fcomments&post=36113"}],"version-history":[{"count":1,"href":"https:\/\/etsa.udc.es\/web\/index.php?rest_route=\/wp\/v2\/posts\/36113\/revisions"}],"predecessor-version":[{"id":36116,"href":"https:\/\/etsa.udc.es\/web\/index.php?rest_route=\/wp\/v2\/posts\/36113\/revisions\/36116"}],"wp:featuredmedia":[{"embeddable":true,"href":"https:\/\/etsa.udc.es\/web\/index.php?rest_route=\/wp\/v2\/media\/36115"}],"wp:attachment":[{"href":"https:\/\/etsa.udc.es\/web\/index.php?rest_route=%2Fwp%2Fv2%2Fmedia&parent=36113"}],"wp:term":[{"taxonomy":"post_tag","embeddable":true,"href":"https:\/\/etsa.udc.es\/web\/index.php?rest_route=%2Fwp%2Fv2%2Ftags&post=36113"}],"curies":[{"name":"wp","href":"https:\/\/api.w.org\/{rel}","templated":true}]}}