{"id":35993,"date":"2025-03-09T20:32:12","date_gmt":"2025-03-09T19:32:12","guid":{"rendered":"https:\/\/etsa.udc.es\/web\/?p=35993"},"modified":"2025-04-03T13:02:08","modified_gmt":"2025-04-03T11:02:08","slug":"encontros-sobre-patrimonio-construido-reflexions-sobre-a-condicion-moderna","status":"publish","type":"post","link":"https:\/\/etsa.udc.es\/web\/?p=35993","title":{"rendered":"Encontros sobre patrimonio construido: Reflexi\u00f3ns sobre a condici\u00f3n moderna"},"content":{"rendered":"<p><img decoding=\"async\" loading=\"lazy\" class=\"alignnone wp-image-36017 \" src=\"http:\/\/etsa.udc.es\/web\/wp-content\/uploads\/2025\/03\/Poster2h.jpg\" alt=\"\" width=\"620\" height=\"877\" srcset=\"https:\/\/etsa.udc.es\/web\/wp-content\/uploads\/2025\/03\/Poster2h.jpg 1200w, https:\/\/etsa.udc.es\/web\/wp-content\/uploads\/2025\/03\/Poster2h-74x105.jpg 74w, https:\/\/etsa.udc.es\/web\/wp-content\/uploads\/2025\/03\/Poster2h-212x300.jpg 212w, https:\/\/etsa.udc.es\/web\/wp-content\/uploads\/2025\/03\/Poster2h-768x1086.jpg 768w, https:\/\/etsa.udc.es\/web\/wp-content\/uploads\/2025\/03\/Poster2h-1086x1536.jpg 1086w\" sizes=\"(max-width: 620px) 100vw, 620px\" \/><\/p>\n<p>Os <strong>Encontros sobre patrimonio constru\u00eddo<\/strong> nacen da colaboraci\u00f3n entre a Escola T\u00e9cnica Superior de Arquitectura da Universidade da Coru\u00f1a (ETSAC-UDC) e o Grupo de Investigaci\u00f3n e Desenvolvemento en Artes e Humanidades da Universidade de Santiago de Compostela (USC\u2010IDEAHS).<\/p>\n<p>Neste primeiro encontro, que se celebrar\u00e1 o d\u00eda <strong>4 de abril de 2025<\/strong> no <strong>Museo de Belas Artes da Coru\u00f1a<\/strong>, abordarase a cuesti\u00f3n da intervenci\u00f3n sobre o patrimonio constru\u00eddo como parte da creatividade e a evoluci\u00f3n da arquitectura moderna e contempor\u00e1nea, con \u00e9nfase nas mudanzas disciplinares, o protagonismo historiogr\u00e1fico deste tipo de traballos e o estudo de casos no marco galego, portugu\u00e9s e estatal.<\/p>\n<p><strong>Programa:<\/strong><\/p>\n<p>10:00 Inauguraci\u00f3n.<br \/>\n10:30 <strong>Maria Jo\u00e3o Baptista Neto<\/strong> (Universidade de Lisboa): \u201cIglesia de Santa Engr\u00e1cia \u2013 Pante\u00f3n Nacional: \u00bfrestauraci\u00f3n o finalizaci\u00f3n? Una intervenci\u00f3n entre la unidad de estilo y la condici\u00f3n moderna (1964-1966)\u201d<br \/>\n11:00 <strong>Eva P\u00e9rez Mosteiro<\/strong> (Universidade da Coru\u00f1a): \u201cConservar el pasado, proyectar el futuro. La intervenci\u00f3n arquitect\u00f3nica en el patrimonio hist\u00f3rico\u201d.<br \/>\n11:20 <strong>Santiago Rodr\u00edguez Caram\u00e9s<\/strong> (Universidade da Coru\u00f1a): \u201cA intervenci\u00f3n no patrimonio constru\u00eddo desde a contemporaneidade: contexto e mudanza disciplinar en Galiza (1970-2025)\u201d.<\/p>\n<p>11:45 Pausa-Caf\u00e9.<\/p>\n<p>12:15<strong> Patricia Sab\u00edn + Enrique Blanco<\/strong> (Universidade da Coru\u00f1a): \u201cLa rehabilitaci\u00f3n del mercado municipal de Betanzos en la revitalizaci\u00f3n del casco hist\u00f3rico\u201d.<br \/>\n12:45 <strong>Silvia Gonz\u00e1lez Rodr\u00edguez<\/strong> (Universidade de Santiago de Compostela) \u201cA rehabilitaci\u00f3n do Mosteiro de Le\u00e7a do Balio por \u00c1lvaro Siza: Convivencia entre pasado constru\u00eddo e novos espazos no patrimonio xacobeo\u201d.<br \/>\n13:05 <strong>Raquel \u00c1lvarez S\u00e1nchez<\/strong> (Universidade da Coru\u00f1a): \u201cIntervenciones en la ciudad construida. Andr\u00e9s Fern\u00e1ndez-Albalat en A Coru\u00f1a\u201d.<br \/>\n13:25 <strong>Pilar Garc\u00eda Cuetos<\/strong> (Universidad de Oviedo): \u201cEntre la tradici\u00f3n y la innovaci\u00f3n. Intervenciones en las catedrales en \u00e9poca contempor\u00e1nea\u201d.<\/p>\n<p>14:00 Pausa-Comida.<\/p>\n<p>16:00 <strong>Cristina Ansede<\/strong> (Universidade da Coru\u00f1a): \u201cRehabilitar y rehabitar. Intervenciones en cascos hist\u00f3ricos\u201d.<br \/>\n16:30 <strong>Paula Franjo Calvo<\/strong> (Universidade de Santiago de Compostela): \u201cVirtualizando o patrimonio que se puido salvar: o estudo do proxecto de rehabilitaci\u00f3n do Edificio Castromil\u201d.<br \/>\n16:50 <strong>Adriana Rodr\u00edguez Gonz\u00e1lez<\/strong> (Universidade da Coru\u00f1a): \u201cReflexi\u00f3n sobre arquitecturas para el rural\u201d.<\/p>\n<p>17:15 Mesa redonda.<\/p>\n<p>19:00 Conferencia de clausura. <strong>Juan Jos\u00e9 Lahuerta i Alsina<\/strong>: \u201cLas vetas del m\u00e1rmol y la modernidad desornamentada\u201d.<\/p>\n<p>A inscrici\u00f3n \u00e9 gratuita ata completar o aforo dispo\u00f1ible, e debe cubrirse o formulario que figura abaixo.<\/p>\n<p><a href=\"https:\/\/forms.office.com\/Pages\/ResponsePage.aspx?id=PuqhzrJgdU-mwqYCLo-WG7Td3m1Y1ktBraw-VkwrQa1UNjJXTExPNVdEOE5NR0FNR1RMWjlTV042Ti4u\"><strong>Formulario de inscrici\u00f3n<\/strong><\/a><\/p>\n<p>Estes encontros est\u00e1n reco\u00f1ecidos como actividade formativa (8 horas) para estudantes de doutoramento da Universidade de Santiago de Compostela.<\/p>\n<p><strong>Comit\u00e9 organizador:<\/strong> Jes\u00fas \u00c1ngel S\u00e1nchez Garc\u00eda (IDEAHS-USC), Ricardo S\u00e1nchez Lampreave (ETSAC-UDC), Pedro de Llano Neira (IDEAHS-USC), Estefan\u00eda L\u00f3pez Salas (ETSAC-UDC), Santiago Rodr\u00edguez Caram\u00e9s (IDEAHS-USC) y Antonio Santiago R\u00edo V\u00e1zquez (ETSAC-UDC).<\/p>\n<p><strong>Colabora:<\/strong> Museo de Belas Artes da Coru\u00f1a<\/p>\n<p><strong>Fotograf\u00eda cartel:<\/strong> Xurxo Lobato<\/p>\n","protected":false},"excerpt":{"rendered":"<p>Os Encontros sobre patrimonio constru\u00eddo nacen da colaboraci\u00f3n entre a Escola T\u00e9cnica Superior de Arquitectura da Universidade da Coru\u00f1a (ETSAC-UDC) e o Grupo de Investigaci\u00f3n e Desenvolvemento en Artes e [&hellip;]<\/p>\n","protected":false},"author":252,"featured_media":35994,"comment_status":"closed","ping_status":"closed","sticky":false,"template":"","format":"standard","meta":[],"tags":[],"_links":{"self":[{"href":"https:\/\/etsa.udc.es\/web\/index.php?rest_route=\/wp\/v2\/posts\/35993"}],"collection":[{"href":"https:\/\/etsa.udc.es\/web\/index.php?rest_route=\/wp\/v2\/posts"}],"about":[{"href":"https:\/\/etsa.udc.es\/web\/index.php?rest_route=\/wp\/v2\/types\/post"}],"author":[{"embeddable":true,"href":"https:\/\/etsa.udc.es\/web\/index.php?rest_route=\/wp\/v2\/users\/252"}],"replies":[{"embeddable":true,"href":"https:\/\/etsa.udc.es\/web\/index.php?rest_route=%2Fwp%2Fv2%2Fcomments&post=35993"}],"version-history":[{"count":10,"href":"https:\/\/etsa.udc.es\/web\/index.php?rest_route=\/wp\/v2\/posts\/35993\/revisions"}],"predecessor-version":[{"id":36106,"href":"https:\/\/etsa.udc.es\/web\/index.php?rest_route=\/wp\/v2\/posts\/35993\/revisions\/36106"}],"wp:featuredmedia":[{"embeddable":true,"href":"https:\/\/etsa.udc.es\/web\/index.php?rest_route=\/wp\/v2\/media\/35994"}],"wp:attachment":[{"href":"https:\/\/etsa.udc.es\/web\/index.php?rest_route=%2Fwp%2Fv2%2Fmedia&parent=35993"}],"wp:term":[{"taxonomy":"post_tag","embeddable":true,"href":"https:\/\/etsa.udc.es\/web\/index.php?rest_route=%2Fwp%2Fv2%2Ftags&post=35993"}],"curies":[{"name":"wp","href":"https:\/\/api.w.org\/{rel}","templated":true}]}}