{"id":35974,"date":"2025-03-04T09:56:47","date_gmt":"2025-03-04T08:56:47","guid":{"rendered":"https:\/\/etsa.udc.es\/web\/?p=35974"},"modified":"2025-03-04T09:59:30","modified_gmt":"2025-03-04T08:59:30","slug":"actividade-de-difusion-da-arquitectura-modernismo-na-provincia-da-coruna","status":"publish","type":"post","link":"https:\/\/etsa.udc.es\/web\/?p=35974","title":{"rendered":"Actividade de difusi\u00f3n da arquitectura &#8220;Modernismo na provincia da Coru\u00f1a&#8221;"},"content":{"rendered":"<p><img decoding=\"async\" loading=\"lazy\" class=\"alignnone wp-image-35976 \" src=\"http:\/\/etsa.udc.es\/web\/wp-content\/uploads\/2025\/03\/2503-Cartel-300x300.jpg\" alt=\"\" width=\"619\" height=\"619\" srcset=\"https:\/\/etsa.udc.es\/web\/wp-content\/uploads\/2025\/03\/2503-Cartel-300x300.jpg 300w, https:\/\/etsa.udc.es\/web\/wp-content\/uploads\/2025\/03\/2503-Cartel-105x105.jpg 105w, https:\/\/etsa.udc.es\/web\/wp-content\/uploads\/2025\/03\/2503-Cartel-150x150.jpg 150w, https:\/\/etsa.udc.es\/web\/wp-content\/uploads\/2025\/03\/2503-Cartel-768x768.jpg 768w, https:\/\/etsa.udc.es\/web\/wp-content\/uploads\/2025\/03\/2503-Cartel-1536x1536.jpg 1536w, https:\/\/etsa.udc.es\/web\/wp-content\/uploads\/2025\/03\/2503-Cartel-2048x2048.jpg 2048w, https:\/\/etsa.udc.es\/web\/wp-content\/uploads\/2025\/03\/2503-Cartel-36x36.jpg 36w, https:\/\/etsa.udc.es\/web\/wp-content\/uploads\/2025\/03\/2503-Cartel-144x144.jpg 144w\" sizes=\"(max-width: 619px) 100vw, 619px\" \/><\/p>\n<p><strong>Art-Noveau Coru\u00f1a<\/strong> organiza visitas guiadas de balde polo modernismo das tres cidades da provincia da Coru\u00f1a do 18 de marzo \u00f3 12 de abril, con d\u00faas conferencias introductorias no <strong>Museo do Pobo Galego<\/strong> (Santiago de Compostela) e na <strong>Fundaci\u00f3n Luis Seoane<\/strong> (A Coru\u00f1a), impartidas polo arquitecto formado na ETSAC <strong>Alberto Fuentes Valc\u00e1rcel<\/strong> e o gu\u00eda oficial de turismo <strong>Joaqu\u00edn Fern\u00e1ndez Travieso<\/strong>. Nas visitas guiadas e obrigatorio reservar praza.<\/p>\n<p><a href=\"http:\/\/etsa.udc.es\/web\/wp-content\/uploads\/2025\/03\/2503-Programa.pdf\">M\u00e1is informaci\u00f3n e programa<\/a><\/p>\n","protected":false},"excerpt":{"rendered":"<p>Art-Noveau Coru\u00f1a organiza visitas guiadas de balde polo modernismo das tres cidades da provincia da Coru\u00f1a do 18 de marzo \u00f3 12 de abril, con d\u00faas conferencias introductorias no Museo [&hellip;]<\/p>\n","protected":false},"author":252,"featured_media":35975,"comment_status":"closed","ping_status":"closed","sticky":false,"template":"","format":"standard","meta":[],"tags":[],"_links":{"self":[{"href":"https:\/\/etsa.udc.es\/web\/index.php?rest_route=\/wp\/v2\/posts\/35974"}],"collection":[{"href":"https:\/\/etsa.udc.es\/web\/index.php?rest_route=\/wp\/v2\/posts"}],"about":[{"href":"https:\/\/etsa.udc.es\/web\/index.php?rest_route=\/wp\/v2\/types\/post"}],"author":[{"embeddable":true,"href":"https:\/\/etsa.udc.es\/web\/index.php?rest_route=\/wp\/v2\/users\/252"}],"replies":[{"embeddable":true,"href":"https:\/\/etsa.udc.es\/web\/index.php?rest_route=%2Fwp%2Fv2%2Fcomments&post=35974"}],"version-history":[{"count":2,"href":"https:\/\/etsa.udc.es\/web\/index.php?rest_route=\/wp\/v2\/posts\/35974\/revisions"}],"predecessor-version":[{"id":35979,"href":"https:\/\/etsa.udc.es\/web\/index.php?rest_route=\/wp\/v2\/posts\/35974\/revisions\/35979"}],"wp:featuredmedia":[{"embeddable":true,"href":"https:\/\/etsa.udc.es\/web\/index.php?rest_route=\/wp\/v2\/media\/35975"}],"wp:attachment":[{"href":"https:\/\/etsa.udc.es\/web\/index.php?rest_route=%2Fwp%2Fv2%2Fmedia&parent=35974"}],"wp:term":[{"taxonomy":"post_tag","embeddable":true,"href":"https:\/\/etsa.udc.es\/web\/index.php?rest_route=%2Fwp%2Fv2%2Ftags&post=35974"}],"curies":[{"name":"wp","href":"https:\/\/api.w.org\/{rel}","templated":true}]}}