{"id":35897,"date":"2025-02-23T10:44:35","date_gmt":"2025-02-23T09:44:35","guid":{"rendered":"https:\/\/etsa.udc.es\/web\/?p=35897"},"modified":"2025-02-23T10:44:35","modified_gmt":"2025-02-23T09:44:35","slug":"prorrogada-ata-o-27-de-abril-a-exposicion-arquitecturas-que-falan-do-seu-tempo","status":"publish","type":"post","link":"https:\/\/etsa.udc.es\/web\/?p=35897","title":{"rendered":"Prorrogada ata o 27 de abril a exposici\u00f3n \u201cArquitecturas que falan do seu tempo&#8221;"},"content":{"rendered":"<p><img decoding=\"async\" loading=\"lazy\" class=\"alignnone wp-image-35703 size-large\" src=\"http:\/\/etsa.udc.es\/web\/wp-content\/uploads\/2025\/01\/GYBB-620x298.jpg\" alt=\"\" width=\"620\" height=\"298\" srcset=\"https:\/\/etsa.udc.es\/web\/wp-content\/uploads\/2025\/01\/GYBB-620x298.jpg 620w, https:\/\/etsa.udc.es\/web\/wp-content\/uploads\/2025\/01\/GYBB-180x86.jpg 180w, https:\/\/etsa.udc.es\/web\/wp-content\/uploads\/2025\/01\/GYBB-768x369.jpg 768w, https:\/\/etsa.udc.es\/web\/wp-content\/uploads\/2025\/01\/GYBB.jpg 1221w\" sizes=\"(max-width: 620px) 100vw, 620px\" \/><\/p>\n<p>O Museo de Belas Artes da Coru\u00f1a anuncia a ampliaci\u00f3n do per\u00edodo expositivo da mostra <strong>\u201cArquitecturas que falan do seu tempo&#8221;<\/strong> ata o vindeiro <strong>27 de abril de 2025<\/strong>.<\/p>\n<p>A exposici\u00f3n inaugurouse o pasado 6 de novembro de 2024 cunha data prevista de finalizaci\u00f3n do 23 de febreiro de 2025, mais debido ao \u00e9xito e \u00e1 boa acollida por parte do p\u00fablico visitante, con m\u00e1is de 13.000 visitantes ata o momento, a direcci\u00f3n do Museo de Belas Artes da Coru\u00f1a acordou prorrogar a mostra dous meses m\u00e1is, polo que permanecer\u00e1 aberta ao p\u00fablico ata o pr\u00f3ximo 27 de abril de 2025.<\/p>\n<p>As\u00ed mesmo, o Museo de Belas Artes da Coru\u00f1a continuar\u00e1 a ofrecer as<strong> visitas guiadas para o p\u00fablico en xeral<\/strong> que te\u00f1en lugar os s\u00e1bados \u00e1s 18:00 horas. A derradeira das visitas ser\u00e1 o s\u00e1bado 26 de abril de 2025.<\/p>\n","protected":false},"excerpt":{"rendered":"<p>O Museo de Belas Artes da Coru\u00f1a anuncia a ampliaci\u00f3n do per\u00edodo expositivo da mostra \u201cArquitecturas que falan do seu tempo&#8221; ata o vindeiro 27 de abril de 2025. A [&hellip;]<\/p>\n","protected":false},"author":252,"featured_media":35703,"comment_status":"closed","ping_status":"closed","sticky":false,"template":"","format":"standard","meta":[],"tags":[],"_links":{"self":[{"href":"https:\/\/etsa.udc.es\/web\/index.php?rest_route=\/wp\/v2\/posts\/35897"}],"collection":[{"href":"https:\/\/etsa.udc.es\/web\/index.php?rest_route=\/wp\/v2\/posts"}],"about":[{"href":"https:\/\/etsa.udc.es\/web\/index.php?rest_route=\/wp\/v2\/types\/post"}],"author":[{"embeddable":true,"href":"https:\/\/etsa.udc.es\/web\/index.php?rest_route=\/wp\/v2\/users\/252"}],"replies":[{"embeddable":true,"href":"https:\/\/etsa.udc.es\/web\/index.php?rest_route=%2Fwp%2Fv2%2Fcomments&post=35897"}],"version-history":[{"count":1,"href":"https:\/\/etsa.udc.es\/web\/index.php?rest_route=\/wp\/v2\/posts\/35897\/revisions"}],"predecessor-version":[{"id":35898,"href":"https:\/\/etsa.udc.es\/web\/index.php?rest_route=\/wp\/v2\/posts\/35897\/revisions\/35898"}],"wp:featuredmedia":[{"embeddable":true,"href":"https:\/\/etsa.udc.es\/web\/index.php?rest_route=\/wp\/v2\/media\/35703"}],"wp:attachment":[{"href":"https:\/\/etsa.udc.es\/web\/index.php?rest_route=%2Fwp%2Fv2%2Fmedia&parent=35897"}],"wp:term":[{"taxonomy":"post_tag","embeddable":true,"href":"https:\/\/etsa.udc.es\/web\/index.php?rest_route=%2Fwp%2Fv2%2Ftags&post=35897"}],"curies":[{"name":"wp","href":"https:\/\/api.w.org\/{rel}","templated":true}]}}