{"id":33949,"date":"2024-03-14T23:34:23","date_gmt":"2024-03-14T22:34:23","guid":{"rendered":"https:\/\/etsa.udc.es\/web\/?p=33949"},"modified":"2024-03-14T23:34:50","modified_gmt":"2024-03-14T22:34:50","slug":"conferencia-de-betsaida-curto-na-delegacion-do-coag","status":"publish","type":"post","link":"https:\/\/etsa.udc.es\/web\/?p=33949","title":{"rendered":"Conferencia de Betsaida Curto na delegaci\u00f3n do COAG"},"content":{"rendered":"<p><img decoding=\"async\" loading=\"lazy\" class=\"alignnone wp-image-33950 \" src=\"http:\/\/etsa.udc.es\/web\/wp-content\/uploads\/2024\/03\/AND1136-7-450x300.jpg\" alt=\"\" width=\"620\" height=\"413\" srcset=\"https:\/\/etsa.udc.es\/web\/wp-content\/uploads\/2024\/03\/AND1136-7-450x300.jpg 450w, https:\/\/etsa.udc.es\/web\/wp-content\/uploads\/2024\/03\/AND1136-7-158x105.jpg 158w, https:\/\/etsa.udc.es\/web\/wp-content\/uploads\/2024\/03\/AND1136-7-768x512.jpg 768w, https:\/\/etsa.udc.es\/web\/wp-content\/uploads\/2024\/03\/AND1136-7-1536x1023.jpg 1536w, https:\/\/etsa.udc.es\/web\/wp-content\/uploads\/2024\/03\/AND1136-7.jpg 1900w\" sizes=\"(max-width: 620px) 100vw, 620px\" \/><\/p>\n<p>O m\u00e9rcores 20 de marzo, \u00e1s 19:00 horas, na Delegaci\u00f3n de A Coru\u00f1a do Colexio Oficial de Arquitectos de Galicia, a arquitecta formada na Escola <strong>Betsaida Curto Reyes<\/strong> impartir\u00e1 a conferencia \u00abO m\u00e1ximo co m\u00ednimo, dignidade arquitect\u00f3nica no Deserto Peruano\u00bb, sobre a <strong>Escola Inicial 140 na Comunidade de Santa Cruz de Villacur\u00ed \u00abBarrio Chino\u00bb<\/strong>, unha obra proxectada xunto ao arquitecto \u2014tam\u00e9n formado na Escola\u2014 Ander Bados, e galardoada co Premio Profesi\u00f3n nos Premios de Arquitectura 2023 do CSCAE.<\/p>\n<p>M\u00e1is informaci\u00f3n na <a href=\"https:\/\/portal.coag.es\/es\/delegacion-a-coruna\/conferencia-de-betsaida-curto-reyes\/\">p\u00e1xina da Delegaci\u00f3n de A Coru\u00f1a do COAG<\/a>.<\/p>\n","protected":false},"excerpt":{"rendered":"<p>O m\u00e9rcores 20 de marzo, \u00e1s 19:00 horas, na Delegaci\u00f3n de A Coru\u00f1a do Colexio Oficial de Arquitectos de Galicia, a arquitecta formada na Escola Betsaida Curto Reyes impartir\u00e1 a [&hellip;]<\/p>\n","protected":false},"author":252,"featured_media":33950,"comment_status":"closed","ping_status":"closed","sticky":false,"template":"","format":"standard","meta":[],"tags":[],"_links":{"self":[{"href":"https:\/\/etsa.udc.es\/web\/index.php?rest_route=\/wp\/v2\/posts\/33949"}],"collection":[{"href":"https:\/\/etsa.udc.es\/web\/index.php?rest_route=\/wp\/v2\/posts"}],"about":[{"href":"https:\/\/etsa.udc.es\/web\/index.php?rest_route=\/wp\/v2\/types\/post"}],"author":[{"embeddable":true,"href":"https:\/\/etsa.udc.es\/web\/index.php?rest_route=\/wp\/v2\/users\/252"}],"replies":[{"embeddable":true,"href":"https:\/\/etsa.udc.es\/web\/index.php?rest_route=%2Fwp%2Fv2%2Fcomments&post=33949"}],"version-history":[{"count":2,"href":"https:\/\/etsa.udc.es\/web\/index.php?rest_route=\/wp\/v2\/posts\/33949\/revisions"}],"predecessor-version":[{"id":33952,"href":"https:\/\/etsa.udc.es\/web\/index.php?rest_route=\/wp\/v2\/posts\/33949\/revisions\/33952"}],"wp:featuredmedia":[{"embeddable":true,"href":"https:\/\/etsa.udc.es\/web\/index.php?rest_route=\/wp\/v2\/media\/33950"}],"wp:attachment":[{"href":"https:\/\/etsa.udc.es\/web\/index.php?rest_route=%2Fwp%2Fv2%2Fmedia&parent=33949"}],"wp:term":[{"taxonomy":"post_tag","embeddable":true,"href":"https:\/\/etsa.udc.es\/web\/index.php?rest_route=%2Fwp%2Fv2%2Ftags&post=33949"}],"curies":[{"name":"wp","href":"https:\/\/api.w.org\/{rel}","templated":true}]}}