{"id":33175,"date":"2023-11-05T22:59:01","date_gmt":"2023-11-05T21:59:01","guid":{"rendered":"http:\/\/etsa.udc.es\/web\/?p=33175"},"modified":"2023-11-05T23:01:02","modified_gmt":"2023-11-05T22:01:02","slug":"sitopias-02","status":"publish","type":"post","link":"https:\/\/etsa.udc.es\/web\/?p=33175","title":{"rendered":"SITOP\u00cdAS 02"},"content":{"rendered":"<p>SITOP\u00cdAS 02<\/p>\n<p>Xornada de presentaci\u00f3n de proxectos 08 e do grado de paisaxe na ETSAC + debate<\/p>\n<p>Mercores 08\/11\/2023 10:00- 13:00h<\/p>\n<p>Participar\u00e1n no debate: Carolyn Steel, Miguel Fern\u00e1ndez (Reserva de Biosfera Mari\u00f1as Coru\u00f1esas e Terras do Mandeo), Leonor Lorenzo \u00c1balo e Roc\u00edo Garc\u00eda Carregal (Slow food Compostela), Antonio Roade (Lagar do Vento), Luc\u00eda Escrigas (Fundaci\u00f3n RIA); ademais do profesorado e alumnado do taller do 9\u00ba cuadrimestre e do grado de Paisaxe, as\u00ed como Ruth Varela (Asoc. cultural Flor de Santiago), como coimpulsora da iniciativa.<\/p>\n<p>Sitop\u00edas \u00e9 un ciclo de debates de car\u00e1cter multidisciplinar que, dende a arquitectura, ten como obxectivo abordar a importancia dos sistemas alimentarios de proximidade para a sa\u00fade do territorio e para a sa\u00fade humana, as\u00ed como a importancia de recuperar e protexer un dos patrimonios m\u00e1is valiosos de Galicia que \u00e9 o seu metabolismo social tradicional. Isto implica impulsar e revalorizar a produci\u00f3n de proximidade e os mercados de abastos e, asemade, desenvolver as infraestruturas locais complementarias e novos enfoques de planeamento que son necesarios para este fin.<\/p>\n<p><img decoding=\"async\" loading=\"lazy\" class=\"alignnone size-full wp-image-33176\" src=\"http:\/\/etsa.udc.es\/web\/wp-content\/uploads\/2023\/11\/WhatsApp-Image-2023-11-05-at-22.47.26.jpeg\" alt=\"\" width=\"1600\" height=\"1122\" srcset=\"https:\/\/etsa.udc.es\/web\/wp-content\/uploads\/2023\/11\/WhatsApp-Image-2023-11-05-at-22.47.26.jpeg 1600w, https:\/\/etsa.udc.es\/web\/wp-content\/uploads\/2023\/11\/WhatsApp-Image-2023-11-05-at-22.47.26-150x105.jpeg 150w, https:\/\/etsa.udc.es\/web\/wp-content\/uploads\/2023\/11\/WhatsApp-Image-2023-11-05-at-22.47.26-428x300.jpeg 428w, https:\/\/etsa.udc.es\/web\/wp-content\/uploads\/2023\/11\/WhatsApp-Image-2023-11-05-at-22.47.26-768x539.jpeg 768w, https:\/\/etsa.udc.es\/web\/wp-content\/uploads\/2023\/11\/WhatsApp-Image-2023-11-05-at-22.47.26-1536x1077.jpeg 1536w\" sizes=\"(max-width: 1600px) 100vw, 1600px\" \/><\/p>\n","protected":false},"excerpt":{"rendered":"<p>SITOP\u00cdAS 02 Xornada de presentaci\u00f3n de proxectos 08 e do grado de paisaxe na ETSAC + debate Mercores 08\/11\/2023 10:00- 13:00h Participar\u00e1n no debate: Carolyn Steel, Miguel Fern\u00e1ndez (Reserva de [&hellip;]<\/p>\n","protected":false},"author":389,"featured_media":33176,"comment_status":"open","ping_status":"open","sticky":false,"template":"","format":"standard","meta":[],"tags":[],"_links":{"self":[{"href":"https:\/\/etsa.udc.es\/web\/index.php?rest_route=\/wp\/v2\/posts\/33175"}],"collection":[{"href":"https:\/\/etsa.udc.es\/web\/index.php?rest_route=\/wp\/v2\/posts"}],"about":[{"href":"https:\/\/etsa.udc.es\/web\/index.php?rest_route=\/wp\/v2\/types\/post"}],"author":[{"embeddable":true,"href":"https:\/\/etsa.udc.es\/web\/index.php?rest_route=\/wp\/v2\/users\/389"}],"replies":[{"embeddable":true,"href":"https:\/\/etsa.udc.es\/web\/index.php?rest_route=%2Fwp%2Fv2%2Fcomments&post=33175"}],"version-history":[{"count":1,"href":"https:\/\/etsa.udc.es\/web\/index.php?rest_route=\/wp\/v2\/posts\/33175\/revisions"}],"predecessor-version":[{"id":33177,"href":"https:\/\/etsa.udc.es\/web\/index.php?rest_route=\/wp\/v2\/posts\/33175\/revisions\/33177"}],"wp:featuredmedia":[{"embeddable":true,"href":"https:\/\/etsa.udc.es\/web\/index.php?rest_route=\/wp\/v2\/media\/33176"}],"wp:attachment":[{"href":"https:\/\/etsa.udc.es\/web\/index.php?rest_route=%2Fwp%2Fv2%2Fmedia&parent=33175"}],"wp:term":[{"taxonomy":"post_tag","embeddable":true,"href":"https:\/\/etsa.udc.es\/web\/index.php?rest_route=%2Fwp%2Fv2%2Ftags&post=33175"}],"curies":[{"name":"wp","href":"https:\/\/api.w.org\/{rel}","templated":true}]}}