{"id":33076,"date":"2023-09-25T12:13:49","date_gmt":"2023-09-25T10:13:49","guid":{"rendered":"http:\/\/etsa.udc.es\/web\/?p=33076"},"modified":"2023-09-25T12:18:07","modified_gmt":"2023-09-25T10:18:07","slug":"dende-as-marxes","status":"publish","type":"post","link":"https:\/\/etsa.udc.es\/web\/?p=33076","title":{"rendered":"Dende as marxes."},"content":{"rendered":"<p>La Fundaci\u00f3n Luis Seoane inaugura este jueves Dende as marxes. Sobre a necesidade da cr\u00edtica. Di\u00e1logos de arquitectura, un curso dirigido por el arquitecto Carlos Pita que busca impulsar un di\u00e1logo sobre la arquitectura contempor\u00e1nea en Galicia<\/p>\n<p>-Los arquitectos Ibon Salaberria e I\u00f1igo Garc\u00eda ser\u00e1n los encargados de abrir la sesi\u00f3n inaugural del curso-<\/p>\n<p>En el a\u00f1o 2020, la XV BEAU Bienal Espa\u00f1ola de Arquitectura y Urbanismo premi\u00f3 cinco trabajos llevados a cabo por estudios de arquitectura y arquitectos gallegos, un acontecimiento que, en aquel momento, no tuvo una difusi\u00f3n equivalente al reconocimiento que esos galardones supon\u00edan para la arquitectura realizada en nuestro pa\u00eds.<\/p>\n<p>Dende as marxes nace con el objetivo de dar visibilidad a estos trabajos y, en un sentido m\u00e1s amplio, a la arquitectura realizada en Galicia en la actualidad. El estudio y an\u00e1lisis de estos proyectos por los equipos que los desarrollaron centrar\u00e1n las diferentes sesiones de este curso, que intentar\u00e1 ampliar su difusi\u00f3n y visibilizaci\u00f3n cubriendo de este modo la ausencia de cr\u00edtica especializada sobre la materia.<\/p>\n<p>Adem\u00e1s de los cinco representantes gallegos, el curso contar\u00e1 con la presencia de otros equipos de fuera de Galicia, la mayor\u00eda de ellos premiados en esa misma bienal. Durante diez sesiones se establecer\u00e1 un di\u00e1logo entre los premiados, una serie de invitados que realizar\u00e1n una aproximaci\u00f3n cr\u00edtica a su obra y el p\u00fablico, que podr\u00e1 participar en la conversaci\u00f3n moderada por el arquitecto Carlos Pita, director<br \/>\ndel curso.<\/p>\n<p>La primera sesi\u00f3n, que tendr\u00e1 lugar este jueves 28 de septiembre a las 19:30 horas en la Fundaci\u00f3n Luis Seoane, contar\u00e1 con la presencia de Ibon Salaberria, galardonado en la XV BEAU junto a Itziar Imaz por la reforma y ampliaci\u00f3n del edificio Dorleta del campus de Eskoriatza de la Universidad de Mondrag\u00f3n, y el arquitecto I\u00f1igo Garc\u00eda Odiaga.<\/p>\n<p>Dende as marxes reivindica el di\u00e1logo como herramienta para la difusi\u00f3n de la arquitectura m\u00e1s reciente. Una mirada curiosa y cr\u00edtica a la profesi\u00f3n, una voluntad de escuchar, de ver, de saber qu\u00e9 han hecho y qu\u00e9 est\u00e1n haciendo otros arquitectos. Un marco abierto al encuentro y al conocimento.<\/p>\n<p>La entrada a las sesiones del curso es libre hasta completar aforo.<\/p>\n<p><img decoding=\"async\" loading=\"lazy\" class=\" wp-image-33077 alignleft\" src=\"http:\/\/etsa.udc.es\/web\/wp-content\/uploads\/2023\/09\/cartel-DENDE-AS-MARXES4_page-00012-scaled.jpg\" alt=\"\" width=\"500\" height=\"753\" \/><\/p>\n","protected":false},"excerpt":{"rendered":"<p>La Fundaci\u00f3n Luis Seoane inaugura este jueves Dende as marxes. Sobre a necesidade da cr\u00edtica. Di\u00e1logos de arquitectura, un curso dirigido por el arquitecto Carlos Pita que busca impulsar un [&hellip;]<\/p>\n","protected":false},"author":389,"featured_media":33077,"comment_status":"open","ping_status":"open","sticky":false,"template":"","format":"standard","meta":[],"tags":[],"_links":{"self":[{"href":"https:\/\/etsa.udc.es\/web\/index.php?rest_route=\/wp\/v2\/posts\/33076"}],"collection":[{"href":"https:\/\/etsa.udc.es\/web\/index.php?rest_route=\/wp\/v2\/posts"}],"about":[{"href":"https:\/\/etsa.udc.es\/web\/index.php?rest_route=\/wp\/v2\/types\/post"}],"author":[{"embeddable":true,"href":"https:\/\/etsa.udc.es\/web\/index.php?rest_route=\/wp\/v2\/users\/389"}],"replies":[{"embeddable":true,"href":"https:\/\/etsa.udc.es\/web\/index.php?rest_route=%2Fwp%2Fv2%2Fcomments&post=33076"}],"version-history":[{"count":9,"href":"https:\/\/etsa.udc.es\/web\/index.php?rest_route=\/wp\/v2\/posts\/33076\/revisions"}],"predecessor-version":[{"id":33086,"href":"https:\/\/etsa.udc.es\/web\/index.php?rest_route=\/wp\/v2\/posts\/33076\/revisions\/33086"}],"wp:featuredmedia":[{"embeddable":true,"href":"https:\/\/etsa.udc.es\/web\/index.php?rest_route=\/wp\/v2\/media\/33077"}],"wp:attachment":[{"href":"https:\/\/etsa.udc.es\/web\/index.php?rest_route=%2Fwp%2Fv2%2Fmedia&parent=33076"}],"wp:term":[{"taxonomy":"post_tag","embeddable":true,"href":"https:\/\/etsa.udc.es\/web\/index.php?rest_route=%2Fwp%2Fv2%2Ftags&post=33076"}],"curies":[{"name":"wp","href":"https:\/\/api.w.org\/{rel}","templated":true}]}}