{"id":32617,"date":"2023-06-10T17:00:18","date_gmt":"2023-06-10T15:00:18","guid":{"rendered":"http:\/\/etsa.udc.es\/web\/?p=32617"},"modified":"2023-06-17T11:56:31","modified_gmt":"2023-06-17T09:56:31","slug":"arquitectura-en-curso-dpauc","status":"publish","type":"post","link":"https:\/\/etsa.udc.es\/web\/?p=32617","title":{"rendered":"Arquitectura en curso DPAUC"},"content":{"rendered":"<p>A exposici\u00f3n, que comezar\u00e1 o d\u00eda 15 de xu\u00f1o (a edici\u00f3n do curso 2022-23), ten como premisa amosar os diferentes campos, estratexias e perspectivas que abarca as alumnas e os alumnos da ETSAC nos diferentes cursos, graos e mestrados vinculados \u00e1 arquitectura e o paisaxe. Por iso t\u00f3dalas materias pertencentes ao DPAUC (proxectos, urbanismo e composici\u00f3n) fan unha recopilaci\u00f3n dos traballos realizados durante este curso. Coa exposici\u00f3n se quere levar cara \u00e1 cidade e \u00e1 xente o traballo que desempe\u00f1an t\u00f3dalas alumnas e alumnos na escola e aproximarse a unha relaci\u00f3n m\u00e1is cercana.<\/p>\n<p>Inauguraci\u00f3n o vindeiro 15 de xu\u00f1o \u00e1s 19,00 h na Delegaci\u00f3n da Coru\u00f1a do COAG.<\/p>\n<p>Atopa o cartaz <a href=\"http:\/\/etsa.udc.es\/web\/wp-content\/uploads\/2023\/06\/CARTEL-FINAL-2-arqEnCurso.pdf\">aqu\u00ed.<\/a><\/p>\n<p><img decoding=\"async\" loading=\"lazy\" class=\"alignnone size-large wp-image-32676\" src=\"http:\/\/etsa.udc.es\/web\/wp-content\/uploads\/2023\/06\/IMG_20230617_115355-203x300.jpg\" alt=\"\" width=\"203\" height=\"300\" srcset=\"https:\/\/etsa.udc.es\/web\/wp-content\/uploads\/2023\/06\/IMG_20230617_115355-203x300.jpg 203w, https:\/\/etsa.udc.es\/web\/wp-content\/uploads\/2023\/06\/IMG_20230617_115355-71x105.jpg 71w, https:\/\/etsa.udc.es\/web\/wp-content\/uploads\/2023\/06\/IMG_20230617_115355-768x1135.jpg 768w, https:\/\/etsa.udc.es\/web\/wp-content\/uploads\/2023\/06\/IMG_20230617_115355-1040x1536.jpg 1040w, https:\/\/etsa.udc.es\/web\/wp-content\/uploads\/2023\/06\/IMG_20230617_115355-1386x2048.jpg 1386w, https:\/\/etsa.udc.es\/web\/wp-content\/uploads\/2023\/06\/IMG_20230617_115355.jpg 1474w\" sizes=\"(max-width: 203px) 100vw, 203px\" \/><\/p>\n","protected":false},"excerpt":{"rendered":"<p>A exposici\u00f3n, que comezar\u00e1 o d\u00eda 15 de xu\u00f1o (a edici\u00f3n do curso 2022-23), ten como premisa amosar os diferentes campos, estratexias e perspectivas que abarca as alumnas e os [&hellip;]<\/p>\n","protected":false},"author":659,"featured_media":32624,"comment_status":"open","ping_status":"open","sticky":false,"template":"","format":"standard","meta":[],"tags":[],"_links":{"self":[{"href":"https:\/\/etsa.udc.es\/web\/index.php?rest_route=\/wp\/v2\/posts\/32617"}],"collection":[{"href":"https:\/\/etsa.udc.es\/web\/index.php?rest_route=\/wp\/v2\/posts"}],"about":[{"href":"https:\/\/etsa.udc.es\/web\/index.php?rest_route=\/wp\/v2\/types\/post"}],"author":[{"embeddable":true,"href":"https:\/\/etsa.udc.es\/web\/index.php?rest_route=\/wp\/v2\/users\/659"}],"replies":[{"embeddable":true,"href":"https:\/\/etsa.udc.es\/web\/index.php?rest_route=%2Fwp%2Fv2%2Fcomments&post=32617"}],"version-history":[{"count":4,"href":"https:\/\/etsa.udc.es\/web\/index.php?rest_route=\/wp\/v2\/posts\/32617\/revisions"}],"predecessor-version":[{"id":32678,"href":"https:\/\/etsa.udc.es\/web\/index.php?rest_route=\/wp\/v2\/posts\/32617\/revisions\/32678"}],"wp:featuredmedia":[{"embeddable":true,"href":"https:\/\/etsa.udc.es\/web\/index.php?rest_route=\/wp\/v2\/media\/32624"}],"wp:attachment":[{"href":"https:\/\/etsa.udc.es\/web\/index.php?rest_route=%2Fwp%2Fv2%2Fmedia&parent=32617"}],"wp:term":[{"taxonomy":"post_tag","embeddable":true,"href":"https:\/\/etsa.udc.es\/web\/index.php?rest_route=%2Fwp%2Fv2%2Ftags&post=32617"}],"curies":[{"name":"wp","href":"https:\/\/api.w.org\/{rel}","templated":true}]}}