{"id":30793,"date":"2021-10-17T15:58:18","date_gmt":"2021-10-17T13:58:18","guid":{"rendered":"http:\/\/etsa.udc.es\/web\/?p=30793"},"modified":"2021-10-17T17:06:05","modified_gmt":"2021-10-17T15:06:05","slug":"interseccion","status":"publish","type":"post","link":"https:\/\/etsa.udc.es\/web\/?p=30793","title":{"rendered":"Intersecci\u00f3n. Festival de Arte Audiovisual Contempor\u00e1nea"},"content":{"rendered":"<p><b><a href=\"https:\/\/interseccion.gal\/\">INTERSECCI\u00d3N<\/a> &#8211; IV FESTIVAL DE ARTE AUDIOVISUAL CONTEMPOR\u00c1NEA<\/b><\/p>\n<p><b>\u00a022 o 31 de outubro. Fundaci\u00f3n Luis Seoane, Teatro Col\u00f3n e Planetario<\/b><\/p>\n<p><span style=\"font-weight: 400;\"><a href=\"https:\/\/interseccion.gal\/\">INTERSECCI\u00d3N &#8211; Festival de Arte Audiovisual Contempor\u00e1nea<\/a> focaliza a s\u00faa programaci\u00f3n en obras que se atopan no cruce da arte contempor\u00e1neae o cine de vangardia, abarcando unha gran variedade de formatos, t\u00e9cnicas e linguaxes. <\/span><span style=\"font-weight: 400;\">INTERSECCI\u00d3N <\/span><b>conta por primeira vez cunha li\u00f1a tem\u00e1tica que gu\u00eda a edici\u00f3n deste ano<\/b><span style=\"font-weight: 400;\">. O\u00a0 festival reflexiona en torno ao urbano, a cidade e a arquitectura. Se ben a secci\u00f3n <\/span><i><span style=\"font-weight: 400;\">Trazados, tr\u00e1nsitos e cidadelas <\/span><\/i><span style=\"font-weight: 400;\">\u00e9 a que m\u00e1s evidentemente reflexa este inter\u00e9s, os seus ecos poden encontrarse noutras secci\u00f3ns coma o foco a Antoni Muntadas ou a secci\u00f3n Planetario.<\/span><\/p>\n<p><b>Trazados, tr\u00e1nsitos e cidadelas <\/b>na Fundaci\u00f3n Luis Seoane<\/p>\n<p><span style=\"font-weight: 400;\">O programa <\/span><i><span style=\"font-weight: 400;\">Trazados, tr\u00e1nsitos e cidadelas<\/span><\/i><span style=\"font-weight: 400;\"> est\u00e1 composto por unha serie de traballos que non so analizan o contempor\u00e1neo dende a arquitectura, sen\u00f3n que pensan o urbano de forma pertinente, cr\u00edtica e transformadoramente. O programa enfr\u00f3ntase ao urbano, a cidade e a arquitectura a trav\u00e9s de propostas de recuperaci\u00f3n, rexeneraci\u00f3n, desmaterializaci\u00f3n e construci\u00f3n de utop\u00edas. Destacan pezas como <em>Pasaia Bitartean<\/em> que \u00e9 unha aproximaci\u00f3n f\u00edlmica ao entramado urbano de Pasaia, municipio no que se ubica o principal porto comercial de Guip\u00fazcoa. O seu tecido industrial e urbano creceu e estructurouse en torno \u00e1 actividade do porto que, a partir da crise dos 70 e ata a actualidade, foi diminu\u00edndo.<\/span><\/p>\n<p><span style=\"font-weight: 400;\">A secci\u00f3n comp\u00f3\u00f1ena, por unha parte, unha exposici\u00f3n na que artistas de todo o mundo plantexan a s\u00faa visi\u00f3n do urbano e do espacio com\u00fan e, por outra, tres sesi\u00f3ns de proxecci\u00f3ns, nas que se pon o foco na obra de catro destas artistas: a canadiense <\/span><b>Sabrina Ratt\u00e9<\/b><span style=\"font-weight: 400;\">, a marroqu\u00ed <\/span><b>Randa Maroufi<\/b><span style=\"font-weight: 400;\">, a espa\u00f1ola <\/span><b>Clara Aparicio<\/b><span style=\"font-weight: 400;\"> e la alemana <\/span><b>Susane Wiegner<\/b><span style=\"font-weight: 400;\">.\u00a0<\/span><\/p>\n<p>&nbsp;<\/p>\n<p><b>Antoni Muntadas<\/b><\/p>\n<p><span style=\"font-weight: 400;\">O festival adica este ano un foco ao catal\u00e1n Antoni Muntadas,<\/span><b> referente internacional da videoarte<\/b><span style=\"font-weight: 400;\">, que expuxo en museos e eventos tan importantes coma o <\/span><span style=\"font-weight: 400;\">MoMA, o Reina Sof\u00eda, a Bienal de Venecia ou a Documenta de Kassel, adem\u00e1is de ser galardoado co Premio Nacional de Artes Pl\u00e1sticas en 2005 ou o Premio Vel\u00e1zquez de Artes Pl\u00e1sticas en 2009.<\/span><\/p>\n<p><span style=\"font-weight: 400;\">O foco revisa a cidade e a s\u00faa idiosincrasia \u00e1 luz da obra deste artista, que adicou gran parte da s\u00faa carreira a profundizar e po\u00f1er no punto de mira o fronteirizo, a construcci\u00f3n do medo e a arquitectura do poder.\u00a0<\/span><\/p>\n<p><span style=\"font-weight: 400;\">A obra de Muntadas explora temas sociais, pol\u00edticos e de comunicaci\u00f3n, a relaci\u00f3n entre o espazo p\u00fablico e privado dentro dun marco social, e investiga as canles de informaci\u00f3n e a forma en que son utilizados para censurar ou promulgar ideas. Traballa en distintos medios, coma fotograf\u00eda, v\u00eddeo, publicaci\u00f3ns, internet e instalaci\u00f3ns multimedia.<\/span><\/p>\n<p><span style=\"font-weight: 400;\">Como parte das actividades de formaci\u00f3n que ofrece o festival, Antoni Muntadas impartir\u00e1 uhna masterclass.<\/span><\/p>\n<p>&nbsp;<\/p>\n<p>&nbsp;<\/p>\n<p><b>Secci\u00f3n Planetario <\/b>no Planetario da casa das ciencias.<\/p>\n<p><span style=\"font-weight: 400;\"><a href=\"https:\/\/interseccion.gal\/\">INTERSECCI\u00d3N<\/a> estrea a secci\u00f3n Planetario, adicada ao cine de c\u00fapula. O festival conv\u00edrtese as\u00ed no primeiro festival galego que adica unha secci\u00f3n a este formato. <\/span><i><span style=\"font-weight: 400;\">Planetario<\/span><\/i><span style=\"font-weight: 400;\"> recolle baixo o seu paraugas unha mostra heterox\u00e9nea de traballos procedentes de m\u00faltiples pa\u00edses, entre os que destacan o franc\u00e9s J\u00e9r\u00e9my Oury, o ruso Sergey Prokofyev, o bielorruso Asya Dyro e o alem\u00e1n Robert Sawallisch, que estar\u00e1n presentes en A Coru\u00f1a para presentar as s\u00faas sesi\u00f3ns e manter coloquios co p\u00fablico.<\/span><\/p>\n<p><span style=\"font-weight: 400;\">As obras que se proxectar\u00e1n xogan coa variedade de linguaxes e co espazo semiesf\u00e9rico da pantalla para crear ilusi\u00f3ns arquitect\u00f3nicas e definir unha experiencia audiovisual inmersiva e envolvente. As pezas desenrolaranse a trav\u00e9s da v\u00eddeo danza, a animaci\u00f3n 3D, os efectos \u00f3pticos, o videomapping ou o <\/span><i><span style=\"font-weight: 400;\">stopmotion<\/span><\/i><span style=\"font-weight: 400;\">, entre outros recursos.\u00a0<\/span><\/p>\n<p><span style=\"font-weight: 400;\">Adem\u00e1is das d\u00faas sesi\u00f3ns pensadas para adultos, haber\u00e1 d\u00faa sesi\u00f3ns de <\/span><i><span style=\"font-weight: 400;\">Planetario<\/span><\/i><span style=\"font-weight: 400;\"> para p\u00fablico infantil.<\/span><\/p>\n<p><b>\u00a0<\/b><\/p>\n<p><b>Death Whistle <\/b>no teatro Col\u00f3n<\/p>\n<p><span style=\"font-weight: 400;\">A sesi\u00f3n inaugural do festival correr\u00e1 a cargo de V\u00edctor Garc\u00eda, dese\u00f1ador sonoro e compositor de largo recorrido, que baixo o nombre art\u00edstico <\/span><i><span style=\"font-weight: 400;\">Death Whistle<\/span><\/i><span style=\"font-weight: 400;\"> presentar\u00e1 o seu show audiovisual m\u00e1is vanguardista ata a data: <\/span><i><span style=\"font-weight: 400;\">Concreto<\/span><\/i><span style=\"font-weight: 400;\">. Neste espect\u00e1culo combina a abstracci\u00f3n xeom\u00e9trica coa arquitectura, a natureza e a luz fracturada a trav\u00e9s do seu particular universo visual e sonoro.<\/span><\/p>\n<p><b>\u00a0<\/b><img decoding=\"async\" loading=\"lazy\" class=\"alignnone size-large wp-image-30795\" src=\"http:\/\/etsa.udc.es\/web\/wp-content\/uploads\/2021\/10\/cartel-interseccion-2021-212x300.jpg\" alt=\"\" width=\"212\" height=\"300\" srcset=\"https:\/\/etsa.udc.es\/web\/wp-content\/uploads\/2021\/10\/cartel-interseccion-2021-212x300.jpg 212w, https:\/\/etsa.udc.es\/web\/wp-content\/uploads\/2021\/10\/cartel-interseccion-2021-74x105.jpg 74w, https:\/\/etsa.udc.es\/web\/wp-content\/uploads\/2021\/10\/cartel-interseccion-2021-768x1086.jpg 768w, https:\/\/etsa.udc.es\/web\/wp-content\/uploads\/2021\/10\/cartel-interseccion-2021-1086x1536.jpg 1086w, https:\/\/etsa.udc.es\/web\/wp-content\/uploads\/2021\/10\/cartel-interseccion-2021-1448x2048.jpg 1448w, https:\/\/etsa.udc.es\/web\/wp-content\/uploads\/2021\/10\/cartel-interseccion-2021-scaled.jpg 1810w\" sizes=\"(max-width: 212px) 100vw, 212px\" \/><\/p>\n","protected":false},"excerpt":{"rendered":"<p>INTERSECCI\u00d3N &#8211; IV FESTIVAL DE ARTE AUDIOVISUAL CONTEMPOR\u00c1NEA \u00a022 o 31 de outubro. Fundaci\u00f3n Luis Seoane, Teatro Col\u00f3n e Planetario INTERSECCI\u00d3N &#8211; Festival de Arte Audiovisual Contempor\u00e1nea focaliza a s\u00faa [&hellip;]<\/p>\n","protected":false},"author":389,"featured_media":30795,"comment_status":"open","ping_status":"open","sticky":false,"template":"","format":"standard","meta":[],"tags":[],"_links":{"self":[{"href":"https:\/\/etsa.udc.es\/web\/index.php?rest_route=\/wp\/v2\/posts\/30793"}],"collection":[{"href":"https:\/\/etsa.udc.es\/web\/index.php?rest_route=\/wp\/v2\/posts"}],"about":[{"href":"https:\/\/etsa.udc.es\/web\/index.php?rest_route=\/wp\/v2\/types\/post"}],"author":[{"embeddable":true,"href":"https:\/\/etsa.udc.es\/web\/index.php?rest_route=\/wp\/v2\/users\/389"}],"replies":[{"embeddable":true,"href":"https:\/\/etsa.udc.es\/web\/index.php?rest_route=%2Fwp%2Fv2%2Fcomments&post=30793"}],"version-history":[{"count":7,"href":"https:\/\/etsa.udc.es\/web\/index.php?rest_route=\/wp\/v2\/posts\/30793\/revisions"}],"predecessor-version":[{"id":30802,"href":"https:\/\/etsa.udc.es\/web\/index.php?rest_route=\/wp\/v2\/posts\/30793\/revisions\/30802"}],"wp:featuredmedia":[{"embeddable":true,"href":"https:\/\/etsa.udc.es\/web\/index.php?rest_route=\/wp\/v2\/media\/30795"}],"wp:attachment":[{"href":"https:\/\/etsa.udc.es\/web\/index.php?rest_route=%2Fwp%2Fv2%2Fmedia&parent=30793"}],"wp:term":[{"taxonomy":"post_tag","embeddable":true,"href":"https:\/\/etsa.udc.es\/web\/index.php?rest_route=%2Fwp%2Fv2%2Ftags&post=30793"}],"curies":[{"name":"wp","href":"https:\/\/api.w.org\/{rel}","templated":true}]}}