{"id":30372,"date":"2021-06-29T08:47:07","date_gmt":"2021-06-29T06:47:07","guid":{"rendered":"http:\/\/etsa.udc.es\/web\/?p=30372"},"modified":"2021-06-29T08:47:07","modified_gmt":"2021-06-29T06:47:07","slug":"ii-premio-pfc-tfm-myriam-goluboff","status":"publish","type":"post","link":"https:\/\/etsa.udc.es\/web\/?p=30372","title":{"rendered":"II Premio PFC\/TFM Myriam Goluboff"},"content":{"rendered":"<p>Este premio ten como obxectivo incentivar a integraci\u00f3n de criterios de sostibilidade na concepci\u00f3n dos proxectos arquitect\u00f3nicos e urban\u00edsticos da comunidade estudantil da Escola T\u00e9cnica Superior de Arquitectura da Universidade da Coru\u00f1a.<\/p>\n<p>Inscrici\u00f3n en li\u00f1a:\u00a0 Do 05\/06\/2021 ao 05\/07\/2021<\/p>\n<p>Atopa o cartaz <a href=\"https:\/\/etsa.udc.es\/web\/wp-content\/uploads\/2021\/06\/Cartaz_Premio-Sustentabilidade.pdf\">aqu\u00ed<\/a> e o formulario de inscrici\u00f3n <a href=\"https:\/\/docs.google.com\/forms\/d\/e\/1FAIpQLSd90mUUtavRVuO40DkrjVFwAodnGGgzOlnmNm9lZZU8LMg9zQ\/viewform\">aqu\u00ed<\/a>.<\/p>\n","protected":false},"excerpt":{"rendered":"<p>Este premio ten como obxectivo incentivar a integraci\u00f3n de criterios de sostibilidade na concepci\u00f3n dos proxectos arquitect\u00f3nicos e urban\u00edsticos da comunidade estudantil da Escola T\u00e9cnica Superior de Arquitectura da Universidade [&hellip;]<\/p>\n","protected":false},"author":659,"featured_media":30373,"comment_status":"open","ping_status":"open","sticky":false,"template":"","format":"standard","meta":[],"tags":[],"_links":{"self":[{"href":"https:\/\/etsa.udc.es\/web\/index.php?rest_route=\/wp\/v2\/posts\/30372"}],"collection":[{"href":"https:\/\/etsa.udc.es\/web\/index.php?rest_route=\/wp\/v2\/posts"}],"about":[{"href":"https:\/\/etsa.udc.es\/web\/index.php?rest_route=\/wp\/v2\/types\/post"}],"author":[{"embeddable":true,"href":"https:\/\/etsa.udc.es\/web\/index.php?rest_route=\/wp\/v2\/users\/659"}],"replies":[{"embeddable":true,"href":"https:\/\/etsa.udc.es\/web\/index.php?rest_route=%2Fwp%2Fv2%2Fcomments&post=30372"}],"version-history":[{"count":1,"href":"https:\/\/etsa.udc.es\/web\/index.php?rest_route=\/wp\/v2\/posts\/30372\/revisions"}],"predecessor-version":[{"id":30374,"href":"https:\/\/etsa.udc.es\/web\/index.php?rest_route=\/wp\/v2\/posts\/30372\/revisions\/30374"}],"wp:featuredmedia":[{"embeddable":true,"href":"https:\/\/etsa.udc.es\/web\/index.php?rest_route=\/wp\/v2\/media\/30373"}],"wp:attachment":[{"href":"https:\/\/etsa.udc.es\/web\/index.php?rest_route=%2Fwp%2Fv2%2Fmedia&parent=30372"}],"wp:term":[{"taxonomy":"post_tag","embeddable":true,"href":"https:\/\/etsa.udc.es\/web\/index.php?rest_route=%2Fwp%2Fv2%2Ftags&post=30372"}],"curies":[{"name":"wp","href":"https:\/\/api.w.org\/{rel}","templated":true}]}}