{"id":28370,"date":"2020-02-20T12:00:52","date_gmt":"2020-02-20T11:00:52","guid":{"rendered":"http:\/\/etsa.udc.es\/web\/?p=28370"},"modified":"2020-02-20T12:31:40","modified_gmt":"2020-02-20T11:31:40","slug":"concurso-aberto-do-dia-da-muller-8-de-marzo","status":"publish","type":"post","link":"https:\/\/etsa.udc.es\/web\/?p=28370","title":{"rendered":"Concurso aberto do D\u00cdA DA MULLER (8 de marzo) | Nova data"},"content":{"rendered":"<div>A Comisi\u00f3n de Igualdade da ETSAC convoca CONCURSO ABERTO &#8220;D\u00cdA DAMULLER 2020&#8221;<\/div>\n<div><\/div>\n<div>Esta comisi\u00f3n est\u00e1 a traballar na configuraci\u00f3n de diversas actividades a celebrar o vindeiro 10 de marzo na Escola.<br \/>\nAs actividades ser\u00e1 anunciadas mediante o cartel que resulte deste concurso.<\/div>\n<div><\/div>\n<div><span style=\"color: #800080;\"><strong>NOVA DATA ENTREGA concurso CARTEL dia da MULLER<\/strong><\/span><br \/>\nXoves, 27 de febreiro, ata as 14 horas na direcci\u00f3n da ETSAC<\/div>\n<div>\nTEXTO a introducir no CARTEL:<br \/>\n11:30 Presentaci\u00f3n da xornada<br \/>\n11:45 &#8220;Arquitectas de Galicia en cifras\u201d. M\u00f3nica Mesejo, Mar\u00eda Carreiro<br \/>\n12:15 Rolda aberta de intervenci\u00f3ns<br \/>\n12:30 &#8220;Rosal\u00eda de Castro: feminismo, pensamento avanzado, modernidade&#8221;, Pilar Garc\u00eda Negro<br \/>\n13:30 Rolda aberta de intervenci\u00f3ns<br \/>\n13:45 Peche do acto<\/div>\n<div><\/div>\n<div><a href=\"http:\/\/etsa.udc.es\/web\/wp-content\/uploads\/2020\/02\/01_CONCURSO-CARTEL-2020-galego.pdf\">Bases<\/a><\/div>\n<div><a href=\"http:\/\/etsa.udc.es\/web\/wp-content\/uploads\/2020\/02\/etsac-igualdade_LOGO_CONTORNO.pdf\">Logotipo ETSAC Igualdade 1<\/a><\/div>\n<div><a href=\"http:\/\/etsa.udc.es\/web\/wp-content\/uploads\/2020\/02\/etsac-igualdade_LOGO_FONDO.pdf\">Logotipo ETSAC Igualdade 2<\/a><\/div>\n","protected":false},"excerpt":{"rendered":"<p>A Comisi\u00f3n de Igualdade da ETSAC convoca CONCURSO ABERTO &#8220;D\u00cdA DAMULLER 2020&#8221; Esta comisi\u00f3n est\u00e1 a traballar na configuraci\u00f3n de diversas actividades a celebrar o vindeiro 10 de marzo na [&hellip;]<\/p>\n","protected":false},"author":287,"featured_media":0,"comment_status":"open","ping_status":"open","sticky":false,"template":"","format":"standard","meta":[],"tags":[],"_links":{"self":[{"href":"https:\/\/etsa.udc.es\/web\/index.php?rest_route=\/wp\/v2\/posts\/28370"}],"collection":[{"href":"https:\/\/etsa.udc.es\/web\/index.php?rest_route=\/wp\/v2\/posts"}],"about":[{"href":"https:\/\/etsa.udc.es\/web\/index.php?rest_route=\/wp\/v2\/types\/post"}],"author":[{"embeddable":true,"href":"https:\/\/etsa.udc.es\/web\/index.php?rest_route=\/wp\/v2\/users\/287"}],"replies":[{"embeddable":true,"href":"https:\/\/etsa.udc.es\/web\/index.php?rest_route=%2Fwp%2Fv2%2Fcomments&post=28370"}],"version-history":[{"count":3,"href":"https:\/\/etsa.udc.es\/web\/index.php?rest_route=\/wp\/v2\/posts\/28370\/revisions"}],"predecessor-version":[{"id":28422,"href":"https:\/\/etsa.udc.es\/web\/index.php?rest_route=\/wp\/v2\/posts\/28370\/revisions\/28422"}],"wp:attachment":[{"href":"https:\/\/etsa.udc.es\/web\/index.php?rest_route=%2Fwp%2Fv2%2Fmedia&parent=28370"}],"wp:term":[{"taxonomy":"post_tag","embeddable":true,"href":"https:\/\/etsa.udc.es\/web\/index.php?rest_route=%2Fwp%2Fv2%2Ftags&post=28370"}],"curies":[{"name":"wp","href":"https:\/\/api.w.org\/{rel}","templated":true}]}}