{"id":28188,"date":"2019-12-16T18:02:45","date_gmt":"2019-12-16T17:02:45","guid":{"rendered":"http:\/\/etsa.udc.es\/web\/?p=28188"},"modified":"2019-12-29T18:55:35","modified_gmt":"2019-12-29T17:55:35","slug":"presentacion-do-libro-arquitectura-popular-en-galicia-de-pedro-de-llano-cabado","status":"publish","type":"post","link":"https:\/\/etsa.udc.es\/web\/?p=28188","title":{"rendered":"Presentaci\u00f3n do libro \u00abArquitectura Popular en Galicia\u00bb de Pedro de Llano Cabado"},"content":{"rendered":"<p class=\"x_MsoNormal\">O vindeiro <b>xoves 19 de decembro, \u00e1s 20:00 horas<\/b>, ter\u00e1 lugar na <b>Delegaci\u00f3n do COAG na Coru\u00f1a<\/b> (R\u00faa Federico Tapia, 64)\u00a0a presentaci\u00f3n da\u00a0<a href=\"https:\/\/coag.us7.list-manage.com\/track\/click?u=f6543151695f7371f2c24b69f&amp;id=d7f0cb6f6c&amp;e=c16584465d\" target=\"_blank\" rel=\"noopener noreferrer\" data-auth=\"NotApplicable\">edici\u00f3n revisada 2019 do libro \u00abArquitectura popular en Galicia\u00bb<\/a>\u00a0de Pedro de Llano Cabado. Tr\u00e1tase dun libro valios\u00edsimo e imprescindible para co\u00f1ecer en profundidade a Arquitectura Popular Galega a partir dunha an\u00e1lise exhaustiva e meticulosa, magn\u00edficamente ilustrado e documentado. A publicaci\u00f3n levaba varios anos esgotada nas s\u00faas sucesivas edici\u00f3ns.<\/p>\n<p class=\"x_MsoNormal\">Nesta edici\u00f3n agr\u00fapanse nun \u00fanico volume os dous libros de Arquitectura Popular en Galicia, publicados por primeira vez en 1981 e 1983. A revisi\u00f3n ling\u00fc\u00edstica dos textos, para a s\u00faa adecuaci\u00f3n \u00e1 normativa vixente, sup\u00f3n a m\u00e1is significativa variaci\u00f3n con respecto \u00e1s edici\u00f3ns orixinais, as\u00ed como o tratamento dixital das imaxes e a puntual substituci\u00f3n dalgunha delas. Ademais, incorpora de agasallo un DVD cos v\u00eddeos do ProxectoTERRA elaborados por TVE en Galicia, nos que est\u00e1n integrados cinco v\u00eddeos sobre Arquitectura Popular en Galicia montados, con novos gui\u00f3ns e textos de Pedro de Llano, a partir das imaxes filmadas no ano 1984 polo equipo de TVE que realizou a serie <i>\u201cArtes y tradiciones populares\u201d<\/i>.<\/p>\n<p>\u00a0<a href=\"http:\/\/etsa.udc.es\/web\/wp-content\/uploads\/2019\/12\/APG_portada.jpg\"><img decoding=\"async\" loading=\"lazy\" class=\"alignnone size-full wp-image-28190\" src=\"http:\/\/etsa.udc.es\/web\/wp-content\/uploads\/2019\/12\/APG_portada.jpg\" alt=\"\" width=\"615\" height=\"492\" srcset=\"https:\/\/etsa.udc.es\/web\/wp-content\/uploads\/2019\/12\/APG_portada.jpg 615w, https:\/\/etsa.udc.es\/web\/wp-content\/uploads\/2019\/12\/APG_portada-131x105.jpg 131w, https:\/\/etsa.udc.es\/web\/wp-content\/uploads\/2019\/12\/APG_portada-375x300.jpg 375w\" sizes=\"(max-width: 615px) 100vw, 615px\" \/><\/a><\/p>\n","protected":false},"excerpt":{"rendered":"<p>O vindeiro xoves 19 de decembro, \u00e1s 20:00 horas, ter\u00e1 lugar na Delegaci\u00f3n do COAG na Coru\u00f1a (R\u00faa Federico Tapia, 64)\u00a0a presentaci\u00f3n da\u00a0edici\u00f3n revisada 2019 do libro \u00abArquitectura popular en [&hellip;]<\/p>\n","protected":false},"author":287,"featured_media":0,"comment_status":"open","ping_status":"open","sticky":false,"template":"","format":"standard","meta":[],"tags":[],"_links":{"self":[{"href":"https:\/\/etsa.udc.es\/web\/index.php?rest_route=\/wp\/v2\/posts\/28188"}],"collection":[{"href":"https:\/\/etsa.udc.es\/web\/index.php?rest_route=\/wp\/v2\/posts"}],"about":[{"href":"https:\/\/etsa.udc.es\/web\/index.php?rest_route=\/wp\/v2\/types\/post"}],"author":[{"embeddable":true,"href":"https:\/\/etsa.udc.es\/web\/index.php?rest_route=\/wp\/v2\/users\/287"}],"replies":[{"embeddable":true,"href":"https:\/\/etsa.udc.es\/web\/index.php?rest_route=%2Fwp%2Fv2%2Fcomments&post=28188"}],"version-history":[{"count":1,"href":"https:\/\/etsa.udc.es\/web\/index.php?rest_route=\/wp\/v2\/posts\/28188\/revisions"}],"predecessor-version":[{"id":28191,"href":"https:\/\/etsa.udc.es\/web\/index.php?rest_route=\/wp\/v2\/posts\/28188\/revisions\/28191"}],"wp:attachment":[{"href":"https:\/\/etsa.udc.es\/web\/index.php?rest_route=%2Fwp%2Fv2%2Fmedia&parent=28188"}],"wp:term":[{"taxonomy":"post_tag","embeddable":true,"href":"https:\/\/etsa.udc.es\/web\/index.php?rest_route=%2Fwp%2Fv2%2Ftags&post=28188"}],"curies":[{"name":"wp","href":"https:\/\/api.w.org\/{rel}","templated":true}]}}