{"id":27467,"date":"2019-05-14T19:26:26","date_gmt":"2019-05-14T17:26:26","guid":{"rendered":"http:\/\/etsa.udc.es\/web\/?p=27467"},"modified":"2019-05-14T19:27:17","modified_gmt":"2019-05-14T17:27:17","slug":"mobilidade-etsac-2019-20-segunda-convocatoria-listaxe-definitiva","status":"publish","type":"post","link":"https:\/\/etsa.udc.es\/web\/?p=27467","title":{"rendered":"Mobilidade ETSAC, 2019-20: segunda convocatoria, listaxe definitiva"},"content":{"rendered":"<p><a href=\"http:\/\/etsa.udc.es\/web\/wp-content\/uploads\/2016\/03\/le-corbu_1-1.jpg\"><img decoding=\"async\" loading=\"lazy\" class=\"alignnone size-full wp-image-20860\" src=\"http:\/\/etsa.udc.es\/web\/wp-content\/uploads\/2016\/03\/le-corbu_1-1.jpg\" alt=\"\" width=\"615\" height=\"300\" srcset=\"https:\/\/etsa.udc.es\/web\/wp-content\/uploads\/2016\/03\/le-corbu_1-1.jpg 615w, https:\/\/etsa.udc.es\/web\/wp-content\/uploads\/2016\/03\/le-corbu_1-1-180x88.jpg 180w\" sizes=\"(max-width: 615px) 100vw, 615px\" \/><\/a><\/p>\n<p>&nbsp;<\/p>\n<p>Publicaci\u00f3n da listaxe definitiva da segunda adxudicaci\u00f3n de mobilidade internacional ETSAC para o curso 2019-20: <a href=\"http:\/\/etsa.udc.es\/web\/wp-content\/uploads\/2019\/05\/2019.05.14_ETSAC_2\u00aaconvocatoria_ADXUDICACI\u00d3N-DEFINITIVA.pdf\">2019.05.14_ETSAC_2\u00aaconvocatoria_ADXUDICACI\u00d3N DEFINITIVA<\/a><\/p>\n<p>Convocatoria mobilidade para o curso 2019-20: <a href=\"https:\/\/www.udc.es\/ori\/inf_estudiantes_UDC\/mobilidade_internacional\/index.html?language=es\">https:\/\/www.udc.es\/ori\/inf_estudiantes_UDC\/mobilidade_internacional\/index.html?language=es<\/a><\/p>\n<p>Requisitos mobilidade ETSAC: <a href=\"http:\/\/etsa.udc.es\/web\/wp-content\/uploads\/2019\/01\/2017.07.18_ETSAC_requisitos-mobilidade.pdf\">2017.07.18_ETSAC_requisitos mobilidade<\/a><\/p>\n<p>Horario de atenci\u00f3n ao p\u00fablico por parte do coordinador: luns e m\u00e9rcores de 12 a 14 horas<\/p>\n<p>Coordinador: Evaristo Zas G\u00f3mez, subdirector ETSAC, erasmus.etsa@udc.es<\/p>\n<p>&nbsp;<\/p>\n","protected":false},"excerpt":{"rendered":"<p>&nbsp; Publicaci\u00f3n da listaxe definitiva da segunda adxudicaci\u00f3n de mobilidade internacional ETSAC para o curso 2019-20: 2019.05.14_ETSAC_2\u00aaconvocatoria_ADXUDICACI\u00d3N DEFINITIVA Convocatoria mobilidade para o curso 2019-20: https:\/\/www.udc.es\/ori\/inf_estudiantes_UDC\/mobilidade_internacional\/index.html?language=es Requisitos mobilidade ETSAC: 2017.07.18_ETSAC_requisitos mobilidade [&hellip;]<\/p>\n","protected":false},"author":11,"featured_media":20860,"comment_status":"open","ping_status":"open","sticky":false,"template":"","format":"standard","meta":[],"tags":[],"_links":{"self":[{"href":"https:\/\/etsa.udc.es\/web\/index.php?rest_route=\/wp\/v2\/posts\/27467"}],"collection":[{"href":"https:\/\/etsa.udc.es\/web\/index.php?rest_route=\/wp\/v2\/posts"}],"about":[{"href":"https:\/\/etsa.udc.es\/web\/index.php?rest_route=\/wp\/v2\/types\/post"}],"author":[{"embeddable":true,"href":"https:\/\/etsa.udc.es\/web\/index.php?rest_route=\/wp\/v2\/users\/11"}],"replies":[{"embeddable":true,"href":"https:\/\/etsa.udc.es\/web\/index.php?rest_route=%2Fwp%2Fv2%2Fcomments&post=27467"}],"version-history":[{"count":2,"href":"https:\/\/etsa.udc.es\/web\/index.php?rest_route=\/wp\/v2\/posts\/27467\/revisions"}],"predecessor-version":[{"id":27470,"href":"https:\/\/etsa.udc.es\/web\/index.php?rest_route=\/wp\/v2\/posts\/27467\/revisions\/27470"}],"wp:featuredmedia":[{"embeddable":true,"href":"https:\/\/etsa.udc.es\/web\/index.php?rest_route=\/wp\/v2\/media\/20860"}],"wp:attachment":[{"href":"https:\/\/etsa.udc.es\/web\/index.php?rest_route=%2Fwp%2Fv2%2Fmedia&parent=27467"}],"wp:term":[{"taxonomy":"post_tag","embeddable":true,"href":"https:\/\/etsa.udc.es\/web\/index.php?rest_route=%2Fwp%2Fv2%2Ftags&post=27467"}],"curies":[{"name":"wp","href":"https:\/\/api.w.org\/{rel}","templated":true}]}}