{"id":24681,"date":"2017-10-03T19:25:25","date_gmt":"2017-10-03T17:25:25","guid":{"rendered":"http:\/\/etsa.udc.es\/web\/?p=24681"},"modified":"2017-10-10T08:17:15","modified_gmt":"2017-10-10T06:17:15","slug":"visita-a-la-fundacion-laboral-de-la-construccion-santiago-de-compostela","status":"publish","type":"post","link":"https:\/\/etsa.udc.es\/web\/?p=24681","title":{"rendered":"Visita \u00e1 Fundaci\u00f3n Laboral da Construci\u00f3n, Santiago de Compostela"},"content":{"rendered":"<p><strong>VISITA a la FUNDACION LABORAL de la CONSTRUCCI\u00d3N<\/strong><\/p>\n<p><span style=\"color: #0000ff;\"><a href=\"http:\/\/galicia.fundacionlaboral.org\/formacion\/centro\/santiago-de-compostela\">http:\/\/galicia.fundacionlaboral.org\/formacion\/centro\/santiago-de-compostela<\/a><\/span><\/p>\n<p>Dentro del M\u00e1ster Universitario en Rehabilitaci\u00f3n Arquitect\u00f3nica MURA se est\u00e1 organizando una<br \/>\nvisita al centro el JUEVES 19 de octubre de 16:30h a 19:00h.<br \/>\nSe trata de la rehabilitaci\u00f3n de la antigua Curtidur\u00eda situada en Pontepedri\u00f1a de Arriba para la sede<br \/>\ndel Centro para la Fundaci\u00f3n Laboral de la Construcci\u00f3n.<\/p>\n<p>Pr\u00f3xima a la carretera a Santa Comba y junto al r\u00edo Sarela, esta f\u00e1brica de curtidos fue una de las<br \/>\nm\u00e1s importantes de Santiago de Compostela y su emplazamiento constituye un \u00e1mbito de gran<br \/>\nvalor paisaj\u00edstico e hist\u00f3rico, donde todav\u00eda son reconocibles los canales que formaron parte de<br \/>\nlas instalaciones industriales y de los molinos en las proximidades del r\u00edo.<\/p>\n<p>El proyecto es de V\u00edctor L\u00f3pez Cotelo y fue dirigido por Angel Panero, arquitecto de la Oficina<br \/>\nT\u00e9cnica del Consorcio de Santiago de Compostela, que nos acompa\u00f1ar\u00e1 en la visita y nos lo<br \/>\nexplicar\u00e1. Tambi\u00e9n desde el punto de vista de las instalaciones el ingeniero Andr\u00e9s Figueiras de<br \/>\nINOUS, nos explicar\u00e1 el dise\u00f1o de instalaciones que han planteado para la rehabilitaci\u00f3n.<\/p>\n<p><strong>Por el inter\u00e9s que la visita tambi\u00e9n pueda tener para los alumnos de PFC aquellos que quieran<\/strong><br \/>\n<strong>apuntarse pueden hacerlo enviando un correo a Angeles Santos hasta el jueves 12 de<\/strong><br \/>\n<strong>octubre.<\/strong><\/p>\n<p><span style=\"color: #0000ff;\"><a href=\"mailto:angeles.santos@udc.es\">angeles.santos@udc.es<\/a><\/span><\/p>\n<p><a href=\"http:\/\/etsa.udc.es\/web\/wp-content\/uploads\/2017\/10\/Viaje_Fundacion_Laboral-1.jpg\"><img decoding=\"async\" loading=\"lazy\" class=\"alignnone size-full wp-image-24683\" src=\"http:\/\/etsa.udc.es\/web\/wp-content\/uploads\/2017\/10\/Viaje_Fundacion_Laboral-1.jpg\" alt=\"\" width=\"492\" height=\"471\" srcset=\"https:\/\/etsa.udc.es\/web\/wp-content\/uploads\/2017\/10\/Viaje_Fundacion_Laboral-1.jpg 492w, https:\/\/etsa.udc.es\/web\/wp-content\/uploads\/2017\/10\/Viaje_Fundacion_Laboral-1-110x105.jpg 110w, https:\/\/etsa.udc.es\/web\/wp-content\/uploads\/2017\/10\/Viaje_Fundacion_Laboral-1-313x300.jpg 313w\" sizes=\"(max-width: 492px) 100vw, 492px\" \/><\/a><\/p>\n<p><a href=\"http:\/\/etsa.udc.es\/web\/wp-content\/uploads\/2017\/10\/Viaje_Fundacion_Laboral-2.jpg\"><img decoding=\"async\" loading=\"lazy\" class=\"alignnone size-full wp-image-24684\" src=\"http:\/\/etsa.udc.es\/web\/wp-content\/uploads\/2017\/10\/Viaje_Fundacion_Laboral-2.jpg\" alt=\"\" width=\"761\" height=\"472\" srcset=\"https:\/\/etsa.udc.es\/web\/wp-content\/uploads\/2017\/10\/Viaje_Fundacion_Laboral-2.jpg 761w, https:\/\/etsa.udc.es\/web\/wp-content\/uploads\/2017\/10\/Viaje_Fundacion_Laboral-2-169x105.jpg 169w, https:\/\/etsa.udc.es\/web\/wp-content\/uploads\/2017\/10\/Viaje_Fundacion_Laboral-2-484x300.jpg 484w\" sizes=\"(max-width: 761px) 100vw, 761px\" \/><\/a><\/p>\n<p><a href=\"http:\/\/etsa.udc.es\/web\/wp-content\/uploads\/2017\/10\/Viaje_Fundacion_Laboral-3.jpg\"><img decoding=\"async\" loading=\"lazy\" class=\"alignnone size-full wp-image-24682\" src=\"http:\/\/etsa.udc.es\/web\/wp-content\/uploads\/2017\/10\/Viaje_Fundacion_Laboral-3.jpg\" alt=\"\" width=\"526\" height=\"299\" srcset=\"https:\/\/etsa.udc.es\/web\/wp-content\/uploads\/2017\/10\/Viaje_Fundacion_Laboral-3.jpg 526w, https:\/\/etsa.udc.es\/web\/wp-content\/uploads\/2017\/10\/Viaje_Fundacion_Laboral-3-180x102.jpg 180w\" sizes=\"(max-width: 526px) 100vw, 526px\" \/><\/a><\/p>\n","protected":false},"excerpt":{"rendered":"<p>VISITA a la FUNDACION LABORAL de la CONSTRUCCI\u00d3N http:\/\/galicia.fundacionlaboral.org\/formacion\/centro\/santiago-de-compostela Dentro del M\u00e1ster Universitario en Rehabilitaci\u00f3n Arquitect\u00f3nica MURA se est\u00e1 organizando una visita al centro el JUEVES 19 de octubre de [&hellip;]<\/p>\n","protected":false},"author":11,"featured_media":24682,"comment_status":"open","ping_status":"open","sticky":false,"template":"","format":"standard","meta":[],"tags":[],"_links":{"self":[{"href":"https:\/\/etsa.udc.es\/web\/index.php?rest_route=\/wp\/v2\/posts\/24681"}],"collection":[{"href":"https:\/\/etsa.udc.es\/web\/index.php?rest_route=\/wp\/v2\/posts"}],"about":[{"href":"https:\/\/etsa.udc.es\/web\/index.php?rest_route=\/wp\/v2\/types\/post"}],"author":[{"embeddable":true,"href":"https:\/\/etsa.udc.es\/web\/index.php?rest_route=\/wp\/v2\/users\/11"}],"replies":[{"embeddable":true,"href":"https:\/\/etsa.udc.es\/web\/index.php?rest_route=%2Fwp%2Fv2%2Fcomments&post=24681"}],"version-history":[{"count":6,"href":"https:\/\/etsa.udc.es\/web\/index.php?rest_route=\/wp\/v2\/posts\/24681\/revisions"}],"predecessor-version":[{"id":24735,"href":"https:\/\/etsa.udc.es\/web\/index.php?rest_route=\/wp\/v2\/posts\/24681\/revisions\/24735"}],"wp:featuredmedia":[{"embeddable":true,"href":"https:\/\/etsa.udc.es\/web\/index.php?rest_route=\/wp\/v2\/media\/24682"}],"wp:attachment":[{"href":"https:\/\/etsa.udc.es\/web\/index.php?rest_route=%2Fwp%2Fv2%2Fmedia&parent=24681"}],"wp:term":[{"taxonomy":"post_tag","embeddable":true,"href":"https:\/\/etsa.udc.es\/web\/index.php?rest_route=%2Fwp%2Fv2%2Ftags&post=24681"}],"curies":[{"name":"wp","href":"https:\/\/api.w.org\/{rel}","templated":true}]}}