{"id":20215,"date":"2016-02-02T11:01:17","date_gmt":"2016-02-02T10:01:17","guid":{"rendered":"http:\/\/etsa.udc.es\/web\/?p=20215"},"modified":"2016-02-11T18:25:45","modified_gmt":"2016-02-11T17:25:45","slug":"cinemascapes-no-cgai","status":"publish","type":"post","link":"https:\/\/etsa.udc.es\/web\/?p=20215","title":{"rendered":"Cinemascapes no CGAI"},"content":{"rendered":"<p><img decoding=\"async\" loading=\"lazy\" class=\"alignnone size-full wp-image-20216\" src=\"http:\/\/etsa.udc.es\/web\/wp-content\/uploads\/2016\/02\/cgai_01.jpg\" alt=\"cgai_01\" width=\"615\" height=\"300\" srcset=\"https:\/\/etsa.udc.es\/web\/wp-content\/uploads\/2016\/02\/cgai_01.jpg 615w, https:\/\/etsa.udc.es\/web\/wp-content\/uploads\/2016\/02\/cgai_01-180x88.jpg 180w\" sizes=\"(max-width: 615px) 100vw, 615px\" \/><\/p>\n<p>&nbsp;<\/p>\n<div class=\"gmail_quote\">\n<div class=\"gmail_quote\">\n<div class=\"gmail_quote\">Cilclo de cine CINEMASCAPES no CGAI. M\u00e1is informaci\u00f3n: <span id=\"OBJ_PREFIX_DWT668_com_zimbra_url\" class=\"Object\"><span id=\"OBJ_PREFIX_DWT681_com_zimbra_url\" class=\"Object\"><a href=\"http:\/\/www.facebook.com\/centrogalegoartesimaxe\" target=\"_blank\">www.facebook.com\/centrogalegoartesimaxe<\/a><\/span><\/span><\/div>\n<div class=\"gmail_quote\"><\/div>\n<div class=\"gmail_quote\">Data: 05 febreiro 2016, \u00e1s 20:30 h.<\/div>\n<div class=\"gmail_quote\"><\/div>\n<div class=\"gmail_quote\">\n<div class=\"gmail_quote\">Lugar: Sala de proxecci\u00f3ns CGAI. Dur\u00e1n Loriga, 10 baixo. 15003 A Coru\u00f1a<\/div>\n<\/div>\n<div class=\"gmail_quote\"><\/div>\n<div class=\"gmail_quote\">Cinemascapes\/Presentaci\u00f3n <span id=\"OBJ_PREFIX_DWT669_com_zimbra_date\" class=\"Object\"><span id=\"OBJ_PREFIX_DWT682_com_zimbra_date\" class=\"Object\">do<\/span><\/span> libro \u201cEscritos de juventud\u201d<\/div>\n<div class=\"gmail_quote\"><\/div>\n<div class=\"gmail_quote\">La infancia de Iv\u00e1n Andrei Tarkovsky, 1962. 95\u2019. 35mm. Subt. Castel\u00e1n.<\/div>\n<div class=\"gmail_quote\">Entrada de balde. Presentaci\u00f3n: J.M. Mouri\u00f1o, C. Crespo e E. R. Blanco.<\/div>\n<\/div>\n<div class=\"gmail_quote\"><\/div>\n<div class=\"gmail_quote\">En colaboraci\u00f3n co Grupo de investigacion pARQc,<\/div>\n<div class=\"gmail_quote\">Proyecto Arquitectura y Ciudad da UDC (Universidade da Coru\u00f1a).<\/div>\n<div class=\"gmail_quote\"><\/div>\n<div class=\"gmail_quote\"><\/div>\n<div class=\"gmail_quote\">\u00c9 sabido que a irrupci\u00f3n da paisaxe como tema, como<\/div>\n<div class=\"gmail_quote\">disciplina, as\u00f3ciase \u00e1 s\u00faa representaci\u00f3n e, concreta-<\/div>\n<div class=\"gmail_quote\">mente, \u00e1 paisaxe pict\u00f3rica que inicia o seu percorrido<\/div>\n<div class=\"gmail_quote\">no Renacemento e ten episodios tan memorables en<\/div>\n<div class=\"gmail_quote\">atinir, Claudio de Lorena, Poissin e tantos outros,<\/div>\n<div class=\"gmail_quote\">ata tal punto de que aquilo que lle \u00e9 propio \u00e1 pintura,<\/div>\n<div class=\"gmail_quote\">o \u201cpintoresco\u201d, non \u00e9 sen\u00f3n a paisaxe sobre o plano <span id=\"OBJ_PREFIX_DWT670_com_zimbra_date\" class=\"Object\"><span id=\"OBJ_PREFIX_DWT683_com_zimbra_date\" class=\"Object\">do<\/span><\/span><\/div>\n<div class=\"gmail_quote\">lenzo.<\/div>\n<div class=\"gmail_quote\"><\/div>\n<div class=\"gmail_quote\">Coa aparici\u00f3n <span id=\"OBJ_PREFIX_DWT671_com_zimbra_date\" class=\"Object\"><span id=\"OBJ_PREFIX_DWT684_com_zimbra_date\" class=\"Object\">do<\/span><\/span> cine a finais <span id=\"OBJ_PREFIX_DWT672_com_zimbra_date\" class=\"Object\"><span id=\"OBJ_PREFIX_DWT685_com_zimbra_date\" class=\"Object\">do<\/span><\/span> s\u00e9culo XIX, o \u201cF\u00edl-<\/div>\n<div class=\"gmail_quote\">mico\u201d interp\u00e9lanos sobre aquela condici\u00f3n que lle \u00e9<\/div>\n<div class=\"gmail_quote\">xenu\u00edna. Seguindo a Deleuze nos seus estudos sobre<\/div>\n<div class=\"gmail_quote\">Cine, descubrimos o f\u00edlmico na imaxe-tempo, imaxe<\/div>\n<div class=\"gmail_quote\">\u00f3ptica pura, en contraposici\u00f3n \u00e1 imaxe-acci\u00f3n tan<\/div>\n<div class=\"gmail_quote\">propia <span id=\"OBJ_PREFIX_DWT673_com_zimbra_date\" class=\"Object\"><span id=\"OBJ_PREFIX_DWT686_com_zimbra_date\" class=\"Object\">do<\/span><\/span> cine de Hollywood. \u201cEsculpir o tempo\u201d, tal e<\/div>\n<div class=\"gmail_quote\">como Tarkovsky nos aprendeu. Reco\u00f1ecer a verdade<\/div>\n<div class=\"gmail_quote\"><span id=\"OBJ_PREFIX_DWT674_com_zimbra_date\" class=\"Object\"><span id=\"OBJ_PREFIX_DWT687_com_zimbra_date\" class=\"Object\">do<\/span><\/span> cine en movemento da c\u00e1mara que cuestiona a<\/div>\n<div class=\"gmail_quote\">acci\u00f3n sobre o plano da pantalla.<\/div>\n<div class=\"gmail_quote\">O F\u00edlmico, esa inflaci\u00f3n <span id=\"OBJ_PREFIX_DWT675_com_zimbra_date\" class=\"Object\"><span id=\"OBJ_PREFIX_DWT688_com_zimbra_date\" class=\"Object\">do<\/span><\/span> tempo, eses lugares arre-<\/div>\n<div class=\"gmail_quote\">dados, rem\u00edtennos \u00e1 imaxe pura sobre a superficie da<\/div>\n<\/div>\n<div>pantalla e por iso \u00e1 Paisaxe. O F\u00edlmico, a percepci\u00f3n<\/div>\n<div>na distracci\u00f3n tal e como reco\u00f1eceu Walter Benjamin,<\/div>\n<div>puidera ser ademais a aparici\u00f3n da paisaxe sobre o<\/div>\n<div>plano da pantalla. Unha cristalizaci\u00f3n da imaxe en<\/div>\n<div>paisaxes, texturas e fantas\u00edas.<\/div>\n<div><\/div>\n<div>\u201cCinemascapes\u201d non como en\u00e9sima utop\u00eda rom\u00e1ntico-<\/div>\n<div>ecol\u00f3xica, sen\u00f3n como a capacidade <span id=\"OBJ_PREFIX_DWT676_com_zimbra_date\" class=\"Object\"><span id=\"OBJ_PREFIX_DWT689_com_zimbra_date\" class=\"Object\">do<\/span><\/span> cine de nos<\/div>\n<div>situar f\u00f3ra <span id=\"OBJ_PREFIX_DWT677_com_zimbra_date\" class=\"Object\"><span id=\"OBJ_PREFIX_DWT690_com_zimbra_date\" class=\"Object\">do<\/span><\/span> espazo narrativo que necesariamente<\/div>\n<div>nos traslada \u00e1 condici\u00f3n de campo <span id=\"OBJ_PREFIX_DWT678_com_zimbra_date\" class=\"Object\"><span id=\"OBJ_PREFIX_DWT691_com_zimbra_date\" class=\"Object\">do<\/span><\/span> lenzo, da pan-<\/div>\n<div>talla, e \u00e1 dislocaci\u00f3n <span id=\"OBJ_PREFIX_DWT679_com_zimbra_date\" class=\"Object\"><span id=\"OBJ_PREFIX_DWT692_com_zimbra_date\" class=\"Object\">do<\/span><\/span> par significante-significado,<\/div>\n<div>que nos enfronta descarnadamente ao abismo <span id=\"OBJ_PREFIX_DWT680_com_zimbra_date\" class=\"Object\"><span id=\"OBJ_PREFIX_DWT693_com_zimbra_date\" class=\"Object\">do<\/span><\/span><\/div>\n<div>desasosego e das nosas soidades. (Crist\u00f3bal Crespo,<\/div>\n<div>Emilio Rodr\u00edguez Blanco)<\/div>\n","protected":false},"excerpt":{"rendered":"<p>&nbsp; Cilclo de cine CINEMASCAPES no CGAI. M\u00e1is informaci\u00f3n: www.facebook.com\/centrogalegoartesimaxe Data: 05 febreiro 2016, \u00e1s 20:30 h. Lugar: Sala de proxecci\u00f3ns CGAI. Dur\u00e1n Loriga, 10 baixo. 15003 A Coru\u00f1a Cinemascapes\/Presentaci\u00f3n [&hellip;]<\/p>\n","protected":false},"author":11,"featured_media":20216,"comment_status":"open","ping_status":"open","sticky":false,"template":"","format":"standard","meta":[],"tags":[],"_links":{"self":[{"href":"https:\/\/etsa.udc.es\/web\/index.php?rest_route=\/wp\/v2\/posts\/20215"}],"collection":[{"href":"https:\/\/etsa.udc.es\/web\/index.php?rest_route=\/wp\/v2\/posts"}],"about":[{"href":"https:\/\/etsa.udc.es\/web\/index.php?rest_route=\/wp\/v2\/types\/post"}],"author":[{"embeddable":true,"href":"https:\/\/etsa.udc.es\/web\/index.php?rest_route=\/wp\/v2\/users\/11"}],"replies":[{"embeddable":true,"href":"https:\/\/etsa.udc.es\/web\/index.php?rest_route=%2Fwp%2Fv2%2Fcomments&post=20215"}],"version-history":[{"count":3,"href":"https:\/\/etsa.udc.es\/web\/index.php?rest_route=\/wp\/v2\/posts\/20215\/revisions"}],"predecessor-version":[{"id":20221,"href":"https:\/\/etsa.udc.es\/web\/index.php?rest_route=\/wp\/v2\/posts\/20215\/revisions\/20221"}],"wp:featuredmedia":[{"embeddable":true,"href":"https:\/\/etsa.udc.es\/web\/index.php?rest_route=\/wp\/v2\/media\/20216"}],"wp:attachment":[{"href":"https:\/\/etsa.udc.es\/web\/index.php?rest_route=%2Fwp%2Fv2%2Fmedia&parent=20215"}],"wp:term":[{"taxonomy":"post_tag","embeddable":true,"href":"https:\/\/etsa.udc.es\/web\/index.php?rest_route=%2Fwp%2Fv2%2Ftags&post=20215"}],"curies":[{"name":"wp","href":"https:\/\/api.w.org\/{rel}","templated":true}]}}